{"id":43520,"date":"2025-07-21T14:16:07","date_gmt":"2025-07-21T11:16:07","guid":{"rendered":"https:\/\/www.egemtv.com\/?p=43520"},"modified":"2025-07-21T14:16:10","modified_gmt":"2025-07-21T11:16:10","slug":"yerel-din-hizmetlerinin-guclendirilmesi-ele-alindi","status":"publish","type":"post","link":"https:\/\/www.egemtv.com\/?p=43520","title":{"rendered":"Yerel din hizmetlerinin g\u00fc\u00e7lendirilmesi ele al\u0131nd\u0131"},"content":{"rendered":"<p>Afyonkarahisar An\u0131tkaya K\u00f6y\u00fc Muhtar\u0131 Mehmet Ali Tetik ve An\u0131tkaya K\u00f6y\u00fc Ulu Camii M\u00fcezzin Kayy\u0131m\u0131 \u0130lker \u015een, Afyonkarahisar \u0130l M\u00fcft\u00fcs\u00fc L\u00fctf\u00fc \u0130mamo\u011flu\u2019nu makam\u0131nda ziyaret etti.<br \/>\n<br \/>Ziyaret s\u0131ras\u0131nda k\u00f6yde y\u00fcr\u00fct\u00fclen din hizmetleri ve cami faaliyetleri hakk\u0131nda kar\u015f\u0131l\u0131kl\u0131 isti\u015farelerde bulunuldu. Samimi bir atmosferde ger\u00e7ekle\u015fen g\u00f6r\u00fc\u015fmede, yerel din hizmetlerinin g\u00fc\u00e7lendirilmesi ve k\u00f6y halk\u0131na y\u00f6nelik \u00e7al\u0131\u015fmalar ele al\u0131nd\u0131. \u0130l M\u00fcft\u00fcs\u00fc L\u00fctf\u00fc \u0130mamo\u011flu, ziyaretten duydu\u011fu memnuniyeti ifade ederek Muhtar Mehmet Ali Tetik ve M\u00fcezzin Kayy\u0131m \u0130lker \u015een\u2019e te\u015fekk\u00fcr etti.<br \/><\/p>\n","protected":false},"excerpt":{"rendered":"<p>Afyonkarahisar An\u0131tkaya K\u00f6y\u00fc Muhtar\u0131 Mehmet Ali Tetik ve An\u0131tkaya K\u00f6y\u00fc Ulu Camii M\u00fcezzin Kayy\u0131m\u0131 \u0130lker \u015een, Afyonkarahisar \u0130l M\u00fcft\u00fcs\u00fc L\u00fctf\u00fc \u0130mamo\u011flu\u2019nu makam\u0131nda ziyaret etti. Ziyaret s\u0131ras\u0131nda k\u00f6yde y\u00fcr\u00fct\u00fclen din hizmetleri ve cami faaliyetleri hakk\u0131nda kar\u015f\u0131l\u0131kl\u0131 isti\u015farelerde bulunuldu. Samimi bir atmosferde ger\u00e7ekle\u015fen g\u00f6r\u00fc\u015fmede, yerel din hizmetlerinin g\u00fc\u00e7lendirilmesi ve k\u00f6y halk\u0131na y\u00f6nelik \u00e7al\u0131\u015fmalar ele al\u0131nd\u0131. \u0130l M\u00fcft\u00fcs\u00fc&#8230;<\/p>\n","protected":false},"author":1,"featured_media":43521,"comment_status":"open","ping_status":"open","sticky":false,"template":"","format":"standard","meta":{"_crdt_document":"","footnotes":""},"categories":[1],"tags":[],"class_list":["post-43520","post","type-post","status-publish","format-standard","has-post-thumbnail","hentry","category-guncel"],"_links":{"self":[{"href":"https:\/\/www.egemtv.com\/index.php?rest_route=\/wp\/v2\/posts\/43520","targetHints":{"allow":["GET"]}}],"collection":[{"href":"https:\/\/www.egemtv.com\/index.php?rest_route=\/wp\/v2\/posts"}],"about":[{"href":"https:\/\/www.egemtv.com\/index.php?rest_route=\/wp\/v2\/types\/post"}],"author":[{"embeddable":true,"href":"https:\/\/www.egemtv.com\/index.php?rest_route=\/wp\/v2\/users\/1"}],"replies":[{"embeddable":true,"href":"https:\/\/www.egemtv.com\/index.php?rest_route=%2Fwp%2Fv2%2Fcomments&post=43520"}],"version-history":[{"count":1,"href":"https:\/\/www.egemtv.com\/index.php?rest_route=\/wp\/v2\/posts\/43520\/revisions"}],"predecessor-version":[{"id":43522,"href":"https:\/\/www.egemtv.com\/index.php?rest_route=\/wp\/v2\/posts\/43520\/revisions\/43522"}],"wp:featuredmedia":[{"embeddable":true,"href":"https:\/\/www.egemtv.com\/index.php?rest_route=\/wp\/v2\/media\/43521"}],"wp:attachment":[{"href":"https:\/\/www.egemtv.com\/index.php?rest_route=%2Fwp%2Fv2%2Fmedia&parent=43520"}],"wp:term":[{"taxonomy":"category","embeddable":true,"href":"https:\/\/www.egemtv.com\/index.php?rest_route=%2Fwp%2Fv2%2Fcategories&post=43520"},{"taxonomy":"post_tag","embeddable":true,"href":"https:\/\/www.egemtv.com\/index.php?rest_route=%2Fwp%2Fv2%2Ftags&post=43520"}],"curies":[{"name":"wp","href":"https:\/\/api.w.org\/{rel}","templated":true}]}}