{"id":43517,"date":"2025-07-21T14:16:04","date_gmt":"2025-07-21T11:16:04","guid":{"rendered":"https:\/\/www.egemtv.com\/?p=43517"},"modified":"2025-07-21T14:16:07","modified_gmt":"2025-07-21T11:16:07","slug":"vali-yigitbasi-baskanliginda-degerlendirme-toplantisi-gerceklestirildi","status":"publish","type":"post","link":"https:\/\/www.egemtv.com\/?p=43517","title":{"rendered":"Vali Yi\u011fitba\u015f\u0131 Ba\u015fkanl\u0131\u011f\u0131nda de\u011ferlendirme toplant\u0131s\u0131 ger\u00e7ekle\u015ftirildi"},"content":{"rendered":"<p>Afyonkarahisar Valisi Do\u00e7. Dr. K\u00fcbra G\u00fcran Yi\u011fitba\u015f\u0131\u2019n\u0131n ba\u015fkanl\u0131\u011f\u0131nda, il genelindeki \u00e7al\u0131\u015fmalar\u0131n ele al\u0131nd\u0131\u011f\u0131 bir de\u011ferlendirme toplant\u0131s\u0131 ger\u00e7ekle\u015ftirildi.<br \/>\n<br \/>Toplant\u0131ya; Vali Yard\u0131mc\u0131lar\u0131 Celil Ate\u015fo\u011flu, Murat B\u00fcy\u00fckk\u00f6se ve \u0130hsan Ayranc\u0131 ile Vali Yard\u0131mc\u0131s\u0131 Vekilleri Ali Ar\u0131kan ve Bedir Deveci kat\u0131ld\u0131. \u0130l genelinde y\u00fcr\u00fct\u00fclen kamu hizmetlerinin etkinli\u011fi, devam eden projeler ve planlanan \u00e7al\u0131\u015fmalar\u0131n g\u00f6r\u00fc\u015f\u00fcld\u00fc\u011f\u00fc toplant\u0131da, koordinasyonun art\u0131r\u0131lmas\u0131na y\u00f6nelik isti\u015farelerde bulunuldu. Vali Yi\u011fitba\u015f\u0131, toplant\u0131ya katk\u0131 sunan t\u00fcm kat\u0131l\u0131mc\u0131lara te\u015fekk\u00fcr etti.<br \/><\/p>\n","protected":false},"excerpt":{"rendered":"<p>Afyonkarahisar Valisi Do\u00e7. Dr. K\u00fcbra G\u00fcran Yi\u011fitba\u015f\u0131\u2019n\u0131n ba\u015fkanl\u0131\u011f\u0131nda, il genelindeki \u00e7al\u0131\u015fmalar\u0131n ele al\u0131nd\u0131\u011f\u0131 bir de\u011ferlendirme toplant\u0131s\u0131 ger\u00e7ekle\u015ftirildi. Toplant\u0131ya; Vali Yard\u0131mc\u0131lar\u0131 Celil Ate\u015fo\u011flu, Murat B\u00fcy\u00fckk\u00f6se ve \u0130hsan Ayranc\u0131 ile Vali Yard\u0131mc\u0131s\u0131 Vekilleri Ali Ar\u0131kan ve Bedir Deveci kat\u0131ld\u0131. \u0130l genelinde y\u00fcr\u00fct\u00fclen kamu hizmetlerinin etkinli\u011fi, devam eden projeler ve planlanan \u00e7al\u0131\u015fmalar\u0131n g\u00f6r\u00fc\u015f\u00fcld\u00fc\u011f\u00fc toplant\u0131da, koordinasyonun art\u0131r\u0131lmas\u0131na y\u00f6nelik isti\u015farelerde&#8230;<\/p>\n","protected":false},"author":1,"featured_media":43518,"comment_status":"open","ping_status":"open","sticky":false,"template":"","format":"standard","meta":{"_crdt_document":"","footnotes":""},"categories":[1],"tags":[],"class_list":["post-43517","post","type-post","status-publish","format-standard","has-post-thumbnail","hentry","category-guncel"],"_links":{"self":[{"href":"https:\/\/www.egemtv.com\/index.php?rest_route=\/wp\/v2\/posts\/43517","targetHints":{"allow":["GET"]}}],"collection":[{"href":"https:\/\/www.egemtv.com\/index.php?rest_route=\/wp\/v2\/posts"}],"about":[{"href":"https:\/\/www.egemtv.com\/index.php?rest_route=\/wp\/v2\/types\/post"}],"author":[{"embeddable":true,"href":"https:\/\/www.egemtv.com\/index.php?rest_route=\/wp\/v2\/users\/1"}],"replies":[{"embeddable":true,"href":"https:\/\/www.egemtv.com\/index.php?rest_route=%2Fwp%2Fv2%2Fcomments&post=43517"}],"version-history":[{"count":1,"href":"https:\/\/www.egemtv.com\/index.php?rest_route=\/wp\/v2\/posts\/43517\/revisions"}],"predecessor-version":[{"id":43519,"href":"https:\/\/www.egemtv.com\/index.php?rest_route=\/wp\/v2\/posts\/43517\/revisions\/43519"}],"wp:featuredmedia":[{"embeddable":true,"href":"https:\/\/www.egemtv.com\/index.php?rest_route=\/wp\/v2\/media\/43518"}],"wp:attachment":[{"href":"https:\/\/www.egemtv.com\/index.php?rest_route=%2Fwp%2Fv2%2Fmedia&parent=43517"}],"wp:term":[{"taxonomy":"category","embeddable":true,"href":"https:\/\/www.egemtv.com\/index.php?rest_route=%2Fwp%2Fv2%2Fcategories&post=43517"},{"taxonomy":"post_tag","embeddable":true,"href":"https:\/\/www.egemtv.com\/index.php?rest_route=%2Fwp%2Fv2%2Ftags&post=43517"}],"curies":[{"name":"wp","href":"https:\/\/api.w.org\/{rel}","templated":true}]}}