{"id":43511,"date":"2025-07-21T13:56:06","date_gmt":"2025-07-21T10:56:06","guid":{"rendered":"https:\/\/www.egemtv.com\/?p=43511"},"modified":"2025-07-21T13:56:09","modified_gmt":"2025-07-21T10:56:09","slug":"usaktaki-orman-yangini-kontrol-altinda","status":"publish","type":"post","link":"https:\/\/www.egemtv.com\/?p=43511","title":{"rendered":"U\u015fak\u2019taki orman yang\u0131n\u0131 kontrol alt\u0131nda"},"content":{"rendered":"<p>U\u015fak\u2019taki orman yang\u0131n\u0131 ekiplerin m\u00fcdahalesi sonucu kontrol alt\u0131na al\u0131nd\u0131.<br \/>\n<br \/>Yang\u0131n, d\u00fcn U\u015fak merkeze ba\u011fl\u0131 Belkaya ve Da\u011fdemirler k\u00f6y\u00fc yak\u0131nlar\u0131nda ormanl\u0131k alanda hen\u00fcz bilinmeyen nedenle \u00e7\u0131kt\u0131. R\u00fczgar\u0131n da etkisiyle k\u0131sa s\u00fcrede b\u00fcy\u00fcyen yang\u0131n geni\u015f bir alana yay\u0131ld\u0131. \u0130hbar \u00fczerine b\u00f6lgeye \u00e7ok say\u0131da araz\u00f6z, i\u015f makinesi, ilk m\u00fcdahale arac\u0131, u\u00e7ak ve helikopter sevk edildi.<br \/>\n<br \/>Ekiplerin karadan m\u00fcdahalesi gece boyu devam etti. Ekipleri havadan ve karadan uzun u\u011fra\u015flar\u0131 sonucu yang\u0131n kontrol alt\u0131na al\u0131n\u0131rken, so\u011futma \u00e7al\u0131\u015fmalar\u0131 ise devam ediyor.<br \/>\n<br \/>\u00d6te yandan, yang\u0131nda 500 hektar ormanl\u0131k alan\u0131n zarar g\u00f6rmesi engellenirken, 30 hektarl\u0131k ormanl\u0131k alan ise yang\u0131nda zarar g\u00f6rd\u00fc.<br \/><\/p>\n","protected":false},"excerpt":{"rendered":"<p>U\u015fak\u2019taki orman yang\u0131n\u0131 ekiplerin m\u00fcdahalesi sonucu kontrol alt\u0131na al\u0131nd\u0131. Yang\u0131n, d\u00fcn U\u015fak merkeze ba\u011fl\u0131 Belkaya ve Da\u011fdemirler k\u00f6y\u00fc yak\u0131nlar\u0131nda ormanl\u0131k alanda hen\u00fcz bilinmeyen nedenle \u00e7\u0131kt\u0131. R\u00fczgar\u0131n da etkisiyle k\u0131sa s\u00fcrede b\u00fcy\u00fcyen yang\u0131n geni\u015f bir alana yay\u0131ld\u0131. \u0130hbar \u00fczerine b\u00f6lgeye \u00e7ok say\u0131da araz\u00f6z, i\u015f makinesi, ilk m\u00fcdahale arac\u0131, u\u00e7ak ve helikopter sevk edildi. Ekiplerin karadan m\u00fcdahalesi&#8230;<\/p>\n","protected":false},"author":1,"featured_media":43512,"comment_status":"open","ping_status":"open","sticky":false,"template":"","format":"standard","meta":{"_crdt_document":"","footnotes":""},"categories":[5],"tags":[],"class_list":["post-43511","post","type-post","status-publish","format-standard","has-post-thumbnail","hentry","category-asayis"],"_links":{"self":[{"href":"https:\/\/www.egemtv.com\/index.php?rest_route=\/wp\/v2\/posts\/43511","targetHints":{"allow":["GET"]}}],"collection":[{"href":"https:\/\/www.egemtv.com\/index.php?rest_route=\/wp\/v2\/posts"}],"about":[{"href":"https:\/\/www.egemtv.com\/index.php?rest_route=\/wp\/v2\/types\/post"}],"author":[{"embeddable":true,"href":"https:\/\/www.egemtv.com\/index.php?rest_route=\/wp\/v2\/users\/1"}],"replies":[{"embeddable":true,"href":"https:\/\/www.egemtv.com\/index.php?rest_route=%2Fwp%2Fv2%2Fcomments&post=43511"}],"version-history":[{"count":1,"href":"https:\/\/www.egemtv.com\/index.php?rest_route=\/wp\/v2\/posts\/43511\/revisions"}],"predecessor-version":[{"id":43513,"href":"https:\/\/www.egemtv.com\/index.php?rest_route=\/wp\/v2\/posts\/43511\/revisions\/43513"}],"wp:featuredmedia":[{"embeddable":true,"href":"https:\/\/www.egemtv.com\/index.php?rest_route=\/wp\/v2\/media\/43512"}],"wp:attachment":[{"href":"https:\/\/www.egemtv.com\/index.php?rest_route=%2Fwp%2Fv2%2Fmedia&parent=43511"}],"wp:term":[{"taxonomy":"category","embeddable":true,"href":"https:\/\/www.egemtv.com\/index.php?rest_route=%2Fwp%2Fv2%2Fcategories&post=43511"},{"taxonomy":"post_tag","embeddable":true,"href":"https:\/\/www.egemtv.com\/index.php?rest_route=%2Fwp%2Fv2%2Ftags&post=43511"}],"curies":[{"name":"wp","href":"https:\/\/api.w.org\/{rel}","templated":true}]}}