{"id":43421,"date":"2025-07-21T10:55:51","date_gmt":"2025-07-21T07:55:51","guid":{"rendered":"https:\/\/www.egemtv.com\/?p=43421"},"modified":"2025-07-21T10:55:54","modified_gmt":"2025-07-21T07:55:54","slug":"muglali-sporculardan-duatlon-turkiye-finalinde-buyuk-basari","status":"publish","type":"post","link":"https:\/\/www.egemtv.com\/?p=43421","title":{"rendered":"Mu\u011flal\u0131 sporculardan Duatlon T\u00fcrkiye finalinde b\u00fcy\u00fck ba\u015far\u0131"},"content":{"rendered":"<p>T\u00fcrkiye Triatlon Federasyonu taraf\u0131ndan Ankara\u2019da d\u00fczenlenen Ankara Duatlonu T\u00fcrkiye Finali, heyecan dolu m\u00fccadelelere sahne oldu. Zorlu parkurda k\u0131yas\u0131ya rekabetin ya\u015fand\u0131\u011f\u0131 final yar\u0131\u015fmalar\u0131nda, Mu\u011fla Gen\u00e7lik ve Spor \u0130l M\u00fcd\u00fcrl\u00fc\u011f\u00fc sporcular\u0131 elde ettikleri derecelerle b\u00fcy\u00fck takdir toplad\u0131.<\/p>\n<p>Toplamda 5 km ko\u015fu, 20 km bisiklet ve 2.5 km ko\u015fudan olu\u015fan Duatlon T\u00fcrkiye Kupas\u0131 Finali\u2019nde Mu\u011fla Gen\u00e7lik ve Spor \u0130l M\u00fcd\u00fcrl\u00fc\u011f\u00fc antren\u00f6rlerinden Akif Bozkurt, sergiledi\u011fi performansla birincilik k\u00fcrs\u00fcs\u00fcne \u00e7\u0131karak T\u00fcrkiye \u015eampiyonu oldu.<\/p>\n<p>Yar\u0131\u015fmada Y\u0131ld\u0131zlar kategorisinde ter d\u00f6ken Mu\u011flal\u0131 sporcu Emre Do\u011fan ise parkuru ba\u015far\u0131yla tamamlayarak finali 5. s\u0131rada bitirdi. Sezon boyunca g\u00f6sterdi\u011fi istikrarl\u0131 performans sayesinde genel puanlamada T\u00fcrkiye 4.\u2019s\u00fc olmay\u0131 ba\u015faran Do\u011fan, gelecek i\u00e7in umut verdi.<\/p>\n<p>Mu\u011fla Gen\u00e7lik ve Spor \u0130l M\u00fcd\u00fcrl\u00fc\u011f\u00fc\u2019nden yap\u0131lan a\u00e7\u0131klamada \u015fu ifadelere yer verildi: &#8220;Sporda her ge\u00e7en g\u00fcn y\u00fckselen bir ivmeyle Mu\u011fla, ad\u0131ndan s\u00f6z ettirmeye devam ediyor. Sadece bir bran\u015fta de\u011fil, farkl\u0131 spor dallar\u0131nda elde edilen ba\u015far\u0131lar, ilimizde sporun ne denli geli\u015fti\u011finin ve benimsendi\u011finin en somut g\u00f6stergesidir. Duatlon T\u00fcrkiye Finali\u2019nde elde edilen dereceler de bu ba\u015far\u0131 zincirinin \u00f6nemli halkalar\u0131ndan biridir. Sporcular\u0131m\u0131z\u0131n azmi, antren\u00f6rlerimizin \u00f6zverisi ve kurum olarak verdi\u011fimiz destekle Mu\u011fla, T\u00fcrkiye\u2019nin spor alan\u0131ndaki parlayan y\u0131ld\u0131zlar\u0131ndan biri haline gelmi\u015ftir. Ba\u015far\u0131da eme\u011fi ge\u00e7en t\u00fcm sporcular\u0131m\u0131z\u0131, antren\u00f6rlerimizi ve katk\u0131 sunan herkesi g\u00f6n\u00fclden tebrik ediyoruz&#8221; ifadesi kullan\u0131ld\u0131.<br \/><\/p>\n","protected":false},"excerpt":{"rendered":"<p>T\u00fcrkiye Triatlon Federasyonu taraf\u0131ndan Ankara\u2019da d\u00fczenlenen Ankara Duatlonu T\u00fcrkiye Finali, heyecan dolu m\u00fccadelelere sahne oldu. Zorlu parkurda k\u0131yas\u0131ya rekabetin ya\u015fand\u0131\u011f\u0131 final yar\u0131\u015fmalar\u0131nda, Mu\u011fla Gen\u00e7lik ve Spor \u0130l M\u00fcd\u00fcrl\u00fc\u011f\u00fc sporcular\u0131 elde ettikleri derecelerle b\u00fcy\u00fck takdir toplad\u0131. Toplamda 5 km ko\u015fu, 20 km bisiklet ve 2.5 km ko\u015fudan olu\u015fan Duatlon T\u00fcrkiye Kupas\u0131 Finali\u2019nde Mu\u011fla Gen\u00e7lik ve Spor&#8230;<\/p>\n","protected":false},"author":1,"featured_media":43422,"comment_status":"open","ping_status":"open","sticky":false,"template":"","format":"standard","meta":{"_crdt_document":"","footnotes":""},"categories":[4],"tags":[],"class_list":["post-43421","post","type-post","status-publish","format-standard","has-post-thumbnail","hentry","category-spor"],"_links":{"self":[{"href":"https:\/\/www.egemtv.com\/index.php?rest_route=\/wp\/v2\/posts\/43421","targetHints":{"allow":["GET"]}}],"collection":[{"href":"https:\/\/www.egemtv.com\/index.php?rest_route=\/wp\/v2\/posts"}],"about":[{"href":"https:\/\/www.egemtv.com\/index.php?rest_route=\/wp\/v2\/types\/post"}],"author":[{"embeddable":true,"href":"https:\/\/www.egemtv.com\/index.php?rest_route=\/wp\/v2\/users\/1"}],"replies":[{"embeddable":true,"href":"https:\/\/www.egemtv.com\/index.php?rest_route=%2Fwp%2Fv2%2Fcomments&post=43421"}],"version-history":[{"count":1,"href":"https:\/\/www.egemtv.com\/index.php?rest_route=\/wp\/v2\/posts\/43421\/revisions"}],"predecessor-version":[{"id":43423,"href":"https:\/\/www.egemtv.com\/index.php?rest_route=\/wp\/v2\/posts\/43421\/revisions\/43423"}],"wp:featuredmedia":[{"embeddable":true,"href":"https:\/\/www.egemtv.com\/index.php?rest_route=\/wp\/v2\/media\/43422"}],"wp:attachment":[{"href":"https:\/\/www.egemtv.com\/index.php?rest_route=%2Fwp%2Fv2%2Fmedia&parent=43421"}],"wp:term":[{"taxonomy":"category","embeddable":true,"href":"https:\/\/www.egemtv.com\/index.php?rest_route=%2Fwp%2Fv2%2Fcategories&post=43421"},{"taxonomy":"post_tag","embeddable":true,"href":"https:\/\/www.egemtv.com\/index.php?rest_route=%2Fwp%2Fv2%2Ftags&post=43421"}],"curies":[{"name":"wp","href":"https:\/\/api.w.org\/{rel}","templated":true}]}}