{"id":43418,"date":"2025-07-21T10:36:27","date_gmt":"2025-07-21T07:36:27","guid":{"rendered":"https:\/\/www.egemtv.com\/?p=43418"},"modified":"2025-07-21T10:36:30","modified_gmt":"2025-07-21T07:36:30","slug":"mentesede-yollar-ve-kaldirimlar-yenileniyor","status":"publish","type":"post","link":"https:\/\/www.egemtv.com\/?p=43418","title":{"rendered":"Mente\u015fe\u2019de Yollar ve Kald\u0131r\u0131mlar Yenileniyor"},"content":{"rendered":"<p>Mente\u015fe Belediyesi taraf\u0131ndan kent merkezindeki \u00d6zer T\u00fcrk Caddesi, Kar\u015f\u0131yaka Mahallesi S\u00fcleyman S\u0131rr\u0131 Baba Sokak ve Kocamustafa Efendi \u00c7\u0131kmaz\u0131\u2019nda ba\u015flat\u0131lan kald\u0131r\u0131m ve yol yenileme \u00e7al\u0131\u015fmalar\u0131 tamamland\u0131. May\u0131s ay\u0131nda ba\u015flayan \u00e7al\u0131\u015fmalar, hem kent esteti\u011fini g\u00fc\u00e7lendirmek hem de yaya ve ara\u00e7 trafi\u011fini daha g\u00fcvenli hale getirmek amac\u0131yla hayata ge\u00e7irildi.<br \/>\n<br \/>\u00c7al\u0131\u015fmalar kapsam\u0131nda, \u00f6zellikle yo\u011fun yaya hareketlili\u011finin oldu\u011fu cadde ve sokaklarda, zamanla y\u0131pranm\u0131\u015f, k\u0131r\u0131lm\u0131\u015f veya kullan\u0131m \u00f6mr\u00fcn\u00fc tamamlam\u0131\u015f kald\u0131r\u0131m ta\u015flar\u0131 yenileriyle de\u011fi\u015ftirildi. Yenileme s\u00fcreci boyunca g\u00fczerg\u00e2hlarda trafik ve g\u00fcnl\u00fck ya\u015fam\u0131n aksamamas\u0131 i\u00e7in etap etap ilerleyen \u00e7al\u0131\u015fmalar, belediye ekiplerinin planl\u0131 ve titiz \u00e7al\u0131\u015fmalar\u0131yla y\u00fcr\u00fct\u00fcld\u00fc.<br \/>\n<br \/>Mente\u015fe Belediye Ba\u015fkan\u0131 Gonca K\u00f6ksal Aras, \u00e7al\u0131\u015fmalarla ilgili yapt\u0131\u011f\u0131 a\u00e7\u0131klamada \u015funlar\u0131 s\u00f6yledi:<br \/>\n<br \/>&#8220;Kent merkezimizde ba\u015flatt\u0131\u011f\u0131m\u0131z kald\u0131r\u0131m ve yol yenileme \u00e7al\u0131\u015fmalar\u0131yla yaln\u0131zca fiziksel bir d\u00f6n\u00fc\u015f\u00fcm de\u011fil; yaya \u00f6ncelikli, eri\u015filebilir ve estetik bir kent yap\u0131s\u0131 olu\u015fturmay\u0131 hedefledik. Biz kentimizi ya\u015fanabilir k\u0131larken yaln\u0131zca ara\u00e7lar\u0131n de\u011fil; \u00e7ocuklar\u0131n, ya\u015fl\u0131lar\u0131n, engellilerin, k\u0131sacas\u0131 t\u00fcm vatanda\u015flar\u0131m\u0131z\u0131n ihtiya\u00e7lar\u0131n\u0131 g\u00f6z \u00f6n\u00fcnde bulunduruyoruz. Yenilenen kald\u0131r\u0131mlar, Mente\u015fe\u2019mize daha \u00e7a\u011fda\u015f ve d\u00fczenli bir g\u00f6r\u00fcn\u00fcm kazand\u0131rd\u0131. Caddeleri, yollar\u0131, kald\u0131r\u0131mlar\u0131 halk\u0131m\u0131z\u0131n ya\u015fam kalitesine dokunan bir anlay\u0131\u015fla d\u00fczenlemeye devam edece\u011fiz&#8221;<br \/>\n<br \/>May\u0131s ay\u0131nda ba\u015flayan \u00e7al\u0131\u015fmalar kapsam\u0131nda, Kar\u015f\u0131yaka Mahallesi S\u00fcleyman S\u0131rr\u0131 Baba Sokak\u2019ta kilit parke kaplamas\u0131, Kocamustafa Efendi \u00c7\u0131kmaz\u0131\u2019nda begonit ta\u015f kaplama \u00e7al\u0131\u015fmas\u0131 yap\u0131ld\u0131. Yaya trafi\u011finin yo\u011fun oldu\u011fu Emirbeyaz\u0131t Mahallesi \u00d6zer T\u00fcrk Caddesi\u2019ndeki \u00fc\u00e7 kald\u0131r\u0131mda ise karo ta\u015f uygulamas\u0131 ger\u00e7ekle\u015ftirildi. Vatanda\u015flar taraf\u0131ndan olumlu geri d\u00f6n\u00fc\u015fler al\u0131nan \u00e7al\u0131\u015fmalar, Mente\u015fe\u2019nin farkl\u0131 b\u00f6lgelerinde devam edecek.<br \/><\/p>\n","protected":false},"excerpt":{"rendered":"<p>Mente\u015fe Belediyesi taraf\u0131ndan kent merkezindeki \u00d6zer T\u00fcrk Caddesi, Kar\u015f\u0131yaka Mahallesi S\u00fcleyman S\u0131rr\u0131 Baba Sokak ve Kocamustafa Efendi \u00c7\u0131kmaz\u0131\u2019nda ba\u015flat\u0131lan kald\u0131r\u0131m ve yol yenileme \u00e7al\u0131\u015fmalar\u0131 tamamland\u0131. May\u0131s ay\u0131nda ba\u015flayan \u00e7al\u0131\u015fmalar, hem kent esteti\u011fini g\u00fc\u00e7lendirmek hem de yaya ve ara\u00e7 trafi\u011fini daha g\u00fcvenli hale getirmek amac\u0131yla hayata ge\u00e7irildi. \u00c7al\u0131\u015fmalar kapsam\u0131nda, \u00f6zellikle yo\u011fun yaya hareketlili\u011finin oldu\u011fu cadde ve&#8230;<\/p>\n","protected":false},"author":1,"featured_media":43419,"comment_status":"open","ping_status":"open","sticky":false,"template":"","format":"standard","meta":{"_crdt_document":"","footnotes":""},"categories":[1],"tags":[],"class_list":["post-43418","post","type-post","status-publish","format-standard","has-post-thumbnail","hentry","category-guncel"],"_links":{"self":[{"href":"https:\/\/www.egemtv.com\/index.php?rest_route=\/wp\/v2\/posts\/43418","targetHints":{"allow":["GET"]}}],"collection":[{"href":"https:\/\/www.egemtv.com\/index.php?rest_route=\/wp\/v2\/posts"}],"about":[{"href":"https:\/\/www.egemtv.com\/index.php?rest_route=\/wp\/v2\/types\/post"}],"author":[{"embeddable":true,"href":"https:\/\/www.egemtv.com\/index.php?rest_route=\/wp\/v2\/users\/1"}],"replies":[{"embeddable":true,"href":"https:\/\/www.egemtv.com\/index.php?rest_route=%2Fwp%2Fv2%2Fcomments&post=43418"}],"version-history":[{"count":1,"href":"https:\/\/www.egemtv.com\/index.php?rest_route=\/wp\/v2\/posts\/43418\/revisions"}],"predecessor-version":[{"id":43420,"href":"https:\/\/www.egemtv.com\/index.php?rest_route=\/wp\/v2\/posts\/43418\/revisions\/43420"}],"wp:featuredmedia":[{"embeddable":true,"href":"https:\/\/www.egemtv.com\/index.php?rest_route=\/wp\/v2\/media\/43419"}],"wp:attachment":[{"href":"https:\/\/www.egemtv.com\/index.php?rest_route=%2Fwp%2Fv2%2Fmedia&parent=43418"}],"wp:term":[{"taxonomy":"category","embeddable":true,"href":"https:\/\/www.egemtv.com\/index.php?rest_route=%2Fwp%2Fv2%2Fcategories&post=43418"},{"taxonomy":"post_tag","embeddable":true,"href":"https:\/\/www.egemtv.com\/index.php?rest_route=%2Fwp%2Fv2%2Ftags&post=43418"}],"curies":[{"name":"wp","href":"https:\/\/api.w.org\/{rel}","templated":true}]}}