{"id":43343,"date":"2025-07-20T18:55:03","date_gmt":"2025-07-20T15:55:03","guid":{"rendered":"https:\/\/www.egemtv.com\/?p=43343"},"modified":"2025-07-20T18:55:06","modified_gmt":"2025-07-20T15:55:06","slug":"usaktaki-orman-yanginina-havadan-ve-karadan-mudahale-devam-ediyor","status":"publish","type":"post","link":"https:\/\/www.egemtv.com\/?p=43343","title":{"rendered":"U\u015fak\u2019taki orman yang\u0131n\u0131na havadan ve karadan m\u00fcdahale devam ediyor"},"content":{"rendered":"<p>U\u015fak\u2019taki orman yang\u0131n\u0131na havadan ve karadan m\u00fcdahale devam ediyor.<br \/>\n<br \/>U\u015fak merkeze ba\u011fl\u0131 Belkaya ve Da\u011fdemirler k\u00f6y\u00fc yak\u0131nlar\u0131nda ormanl\u0131k alanda hen\u00fcz bilinmeyen nedenle yang\u0131n \u00e7\u0131kt\u0131. R\u00fczgar\u0131n da etkisiyle k\u0131sa s\u00fcrede b\u00fcy\u00fcyen yang\u0131n geni\u015f bir alana yay\u0131ld\u0131. \u00c7evredeki vatanda\u015flar\u0131n ihbarlar\u0131 \u00fczerine b\u00f6lgeye 6 helikopter, 14 araz\u00f6z, 2 i\u015f makinesi, \u00e7ok say\u0131da ilk m\u00fcdahale arac\u0131 ile 128 personel sevk edildi.<br \/>\n<br \/>Ekiplerin alevlere karadan ve havadan m\u00fcdahalesi devam ediyor.<br \/><\/p>\n","protected":false},"excerpt":{"rendered":"<p>U\u015fak\u2019taki orman yang\u0131n\u0131na havadan ve karadan m\u00fcdahale devam ediyor. U\u015fak merkeze ba\u011fl\u0131 Belkaya ve Da\u011fdemirler k\u00f6y\u00fc yak\u0131nlar\u0131nda ormanl\u0131k alanda hen\u00fcz bilinmeyen nedenle yang\u0131n \u00e7\u0131kt\u0131. R\u00fczgar\u0131n da etkisiyle k\u0131sa s\u00fcrede b\u00fcy\u00fcyen yang\u0131n geni\u015f bir alana yay\u0131ld\u0131. \u00c7evredeki vatanda\u015flar\u0131n ihbarlar\u0131 \u00fczerine b\u00f6lgeye 6 helikopter, 14 araz\u00f6z, 2 i\u015f makinesi, \u00e7ok say\u0131da ilk m\u00fcdahale arac\u0131 ile 128 personel&#8230;<\/p>\n","protected":false},"author":1,"featured_media":43344,"comment_status":"open","ping_status":"open","sticky":false,"template":"","format":"standard","meta":{"_crdt_document":"","footnotes":""},"categories":[5],"tags":[],"class_list":["post-43343","post","type-post","status-publish","format-standard","has-post-thumbnail","hentry","category-asayis"],"_links":{"self":[{"href":"https:\/\/www.egemtv.com\/index.php?rest_route=\/wp\/v2\/posts\/43343","targetHints":{"allow":["GET"]}}],"collection":[{"href":"https:\/\/www.egemtv.com\/index.php?rest_route=\/wp\/v2\/posts"}],"about":[{"href":"https:\/\/www.egemtv.com\/index.php?rest_route=\/wp\/v2\/types\/post"}],"author":[{"embeddable":true,"href":"https:\/\/www.egemtv.com\/index.php?rest_route=\/wp\/v2\/users\/1"}],"replies":[{"embeddable":true,"href":"https:\/\/www.egemtv.com\/index.php?rest_route=%2Fwp%2Fv2%2Fcomments&post=43343"}],"version-history":[{"count":1,"href":"https:\/\/www.egemtv.com\/index.php?rest_route=\/wp\/v2\/posts\/43343\/revisions"}],"predecessor-version":[{"id":43345,"href":"https:\/\/www.egemtv.com\/index.php?rest_route=\/wp\/v2\/posts\/43343\/revisions\/43345"}],"wp:featuredmedia":[{"embeddable":true,"href":"https:\/\/www.egemtv.com\/index.php?rest_route=\/wp\/v2\/media\/43344"}],"wp:attachment":[{"href":"https:\/\/www.egemtv.com\/index.php?rest_route=%2Fwp%2Fv2%2Fmedia&parent=43343"}],"wp:term":[{"taxonomy":"category","embeddable":true,"href":"https:\/\/www.egemtv.com\/index.php?rest_route=%2Fwp%2Fv2%2Fcategories&post=43343"},{"taxonomy":"post_tag","embeddable":true,"href":"https:\/\/www.egemtv.com\/index.php?rest_route=%2Fwp%2Fv2%2Ftags&post=43343"}],"curies":[{"name":"wp","href":"https:\/\/api.w.org\/{rel}","templated":true}]}}