{"id":43337,"date":"2025-07-20T18:35:36","date_gmt":"2025-07-20T15:35:36","guid":{"rendered":"https:\/\/www.egemtv.com\/?p=43337"},"modified":"2025-07-20T18:35:39","modified_gmt":"2025-07-20T15:35:39","slug":"izmirde-bosandigi-esi-tarafindan-oldurulen-kadin-son-yolculuguna-ugurlandi","status":"publish","type":"post","link":"https:\/\/www.egemtv.com\/?p=43337","title":{"rendered":"\u0130zmir\u2019de bo\u015fand\u0131\u011f\u0131 e\u015fi taraf\u0131ndan \u00f6ld\u00fcr\u00fclen kad\u0131n son yolculu\u011funa u\u011furland\u0131"},"content":{"rendered":"<p>\u0130zmir\u2019in \u00c7i\u011fli il\u00e7esinde ayn\u0131 evde ya\u015fad\u0131\u011f\u0131 eski kocas\u0131 taraf\u0131ndan \u00f6ld\u00fcr\u00fclen kad\u0131n, g\u00f6zya\u015flar\u0131 i\u00e7inde topra\u011fa verildi. \u00d6te yandan zanl\u0131n\u0131n, \u00e7e\u015fitli su\u00e7lardan \u00e7ok say\u0131da su\u00e7 kayd\u0131n\u0131n bulundu\u011fu \u00f6\u011frenildi.<br \/>\n<br \/>Olay, d\u00fcn sabah erken saatlerde \u00c7i\u011fli il\u00e7esi Balat\u00e7\u0131k Mahallesi 8953 Sokak\u2019ta meydana geldi. Edinilen bilgiye g\u00f6re, Demet Akarsu (45) ile eski e\u015fi Halil T. (46) aras\u0131nda hen\u00fcz bilinmeyen nedenle tart\u0131\u015fma \u00e7\u0131kt\u0131. Tart\u0131\u015fman\u0131n b\u00fcy\u00fcyerek kavgaya d\u00f6n\u00fc\u015fmesiyle Halil T. b\u0131\u00e7akla eski e\u015fi Demet Akarsu\u2019yu v\u00fccudunun \u00e7e\u015fitli yerlerinden b\u0131\u00e7aklad\u0131. Kad\u0131n\u0131n sesini duyan mahalle sakinleri durumu 112 Acil \u00c7a\u011fr\u0131 Merkezi\u2019ne bildirdi. \u0130hbar \u00fczerine b\u00f6lgeye polis ve sa\u011fl\u0131k ekipleri sevk edildi. Olay yerine gelen sa\u011fl\u0131k ekipleri taraf\u0131ndan yap\u0131lan ilk m\u00fcdahalenin ard\u0131ndan a\u011f\u0131r yaralanan kad\u0131n, ambulansla Bak\u0131r\u00e7ay \u00dcniversitesi \u00c7i\u011fli E\u011fitim ve Ara\u015ft\u0131rma Hastanesine kald\u0131r\u0131ld\u0131. Demet Akarsu burada yap\u0131lan t\u00fcm m\u00fcdahalelere ra\u011fmen ya\u015faman\u0131 yitirdi. Polis ekiplerince g\u00f6zalt\u0131na al\u0131nan Halil T. \u0130l Emniyet M\u00fcd\u00fcrl\u00fc\u011f\u00fc Asayi\u015f \u015eubesi Cinayet B\u00fcro Amirli\u011findeki i\u015flemlerinin ard\u0131ndan adliyeye sevk edilerek tutukland\u0131.<\/p>\n<p>Eski kocan\u0131n &#8220;kasten \u00f6ld\u00fcrmekten&#8221; su\u00e7 kayd\u0131 \u00e7\u0131kt\u0131<br \/>\n<br \/>Eski e\u015fi taraf\u0131ndan \u00f6ld\u00fcr\u00fclen 45 ya\u015f\u0131ndaki Demet Akarsu\u2019nun cenazesi, yak\u0131nlar\u0131 taraf\u0131ndan \u0130zmir Adli T\u0131p Kurumu\u2019ndan teslim al\u0131nd\u0131. Akarsu\u2019nun naa\u015f\u0131, cenaze t\u00f6reni i\u00e7in Bayrakl\u0131 il\u00e7esinde bulunan G\u00fcm\u00fc\u015fpala Merkez Camii\u2019ne getirildi. Cenaze t\u00f6reninde Akarsu\u2019nun annesi Suna Polat g\u00f6zya\u015flar\u0131na bo\u011fulurken k\u0131z\u0131n\u0131n tabutu ba\u015f\u0131nda a\u011f\u0131tlar yakt\u0131. T\u00f6rene Akarsu\u2019nun ailesi, yak\u0131nlar\u0131, sivil toplum kurulu\u015fu temsilcileri ve \u00e7ok say\u0131da vatanda\u015f kat\u0131ld\u0131. K\u0131l\u0131nan ikindi namaz\u0131n\u0131n ard\u0131ndan Demet Akarsu\u2019nun cenazesi, Do\u011fan\u00e7ay Mezarl\u0131\u011f\u0131\u2019nda topra\u011fa verildi.<br \/>\n<br \/>\u00d6te yandan, Demet Akarsu\u2019nun, Halil T. ile 2021 y\u0131l\u0131nda evlendi\u011fi, 2 ay \u00f6nce bo\u015fand\u0131\u011f\u0131 \u00f6\u011frenildi. Zanl\u0131 Halil T.\u2019nin, &#8220;kasten \u00f6ld\u00fcrme, kasten yaralama ve ruhsats\u0131z silah bulundurma&#8221; su\u00e7lar\u0131ndan su\u00e7 kayd\u0131n\u0131n bulundu\u011fu belirlendi.<br \/><\/p>\n","protected":false},"excerpt":{"rendered":"<p>\u0130zmir\u2019in \u00c7i\u011fli il\u00e7esinde ayn\u0131 evde ya\u015fad\u0131\u011f\u0131 eski kocas\u0131 taraf\u0131ndan \u00f6ld\u00fcr\u00fclen kad\u0131n, g\u00f6zya\u015flar\u0131 i\u00e7inde topra\u011fa verildi. \u00d6te yandan zanl\u0131n\u0131n, \u00e7e\u015fitli su\u00e7lardan \u00e7ok say\u0131da su\u00e7 kayd\u0131n\u0131n bulundu\u011fu \u00f6\u011frenildi. Olay, d\u00fcn sabah erken saatlerde \u00c7i\u011fli il\u00e7esi Balat\u00e7\u0131k Mahallesi 8953 Sokak\u2019ta meydana geldi. Edinilen bilgiye g\u00f6re, Demet Akarsu (45) ile eski e\u015fi Halil T. (46) aras\u0131nda hen\u00fcz bilinmeyen nedenle&#8230;<\/p>\n","protected":false},"author":1,"featured_media":43338,"comment_status":"open","ping_status":"open","sticky":false,"template":"","format":"standard","meta":{"_crdt_document":"","footnotes":""},"categories":[5],"tags":[],"class_list":["post-43337","post","type-post","status-publish","format-standard","has-post-thumbnail","hentry","category-asayis"],"_links":{"self":[{"href":"https:\/\/www.egemtv.com\/index.php?rest_route=\/wp\/v2\/posts\/43337","targetHints":{"allow":["GET"]}}],"collection":[{"href":"https:\/\/www.egemtv.com\/index.php?rest_route=\/wp\/v2\/posts"}],"about":[{"href":"https:\/\/www.egemtv.com\/index.php?rest_route=\/wp\/v2\/types\/post"}],"author":[{"embeddable":true,"href":"https:\/\/www.egemtv.com\/index.php?rest_route=\/wp\/v2\/users\/1"}],"replies":[{"embeddable":true,"href":"https:\/\/www.egemtv.com\/index.php?rest_route=%2Fwp%2Fv2%2Fcomments&post=43337"}],"version-history":[{"count":1,"href":"https:\/\/www.egemtv.com\/index.php?rest_route=\/wp\/v2\/posts\/43337\/revisions"}],"predecessor-version":[{"id":43339,"href":"https:\/\/www.egemtv.com\/index.php?rest_route=\/wp\/v2\/posts\/43337\/revisions\/43339"}],"wp:featuredmedia":[{"embeddable":true,"href":"https:\/\/www.egemtv.com\/index.php?rest_route=\/wp\/v2\/media\/43338"}],"wp:attachment":[{"href":"https:\/\/www.egemtv.com\/index.php?rest_route=%2Fwp%2Fv2%2Fmedia&parent=43337"}],"wp:term":[{"taxonomy":"category","embeddable":true,"href":"https:\/\/www.egemtv.com\/index.php?rest_route=%2Fwp%2Fv2%2Fcategories&post=43337"},{"taxonomy":"post_tag","embeddable":true,"href":"https:\/\/www.egemtv.com\/index.php?rest_route=%2Fwp%2Fv2%2Ftags&post=43337"}],"curies":[{"name":"wp","href":"https:\/\/api.w.org\/{rel}","templated":true}]}}