{"id":43334,"date":"2025-07-20T18:15:28","date_gmt":"2025-07-20T15:15:28","guid":{"rendered":"https:\/\/www.egemtv.com\/?p=43334"},"modified":"2025-07-20T18:15:30","modified_gmt":"2025-07-20T15:15:30","slug":"didim-belediyesi-kultur-muduru-kaza-yapti-14-yasindaki-kizi-hayatini-kaybetti","status":"publish","type":"post","link":"https:\/\/www.egemtv.com\/?p=43334","title":{"rendered":"Didim Belediyesi K\u00fclt\u00fcr M\u00fcd\u00fcr\u00fc kaza yapt\u0131: 14 ya\u015f\u0131ndaki k\u0131z\u0131 hayat\u0131n\u0131 kaybetti"},"content":{"rendered":"<p>Mu\u011fla\u2019n\u0131n Milas il\u00e7esinde meydana gelen trafik kazas\u0131nda Didim Belediyesi K\u00fclt\u00fcr ve Sosyal \u0130\u015fler M\u00fcd\u00fcr\u00fc Asl\u0131 K\u0131ray\u2019\u0131n k\u0131z\u0131 ve Belediye eski Meclis \u00dcyesi Mustafa K\u0131ray\u2019\u0131n 14 ya\u015f\u0131ndaki torunu hayat\u0131n\u0131 kaybetti. Kazara s\u00fcr\u00fcc\u00fc anne ile \u00e7ocu\u011fu yaraland\u0131.<br \/>\n<br \/>Kaza, Milas-Selimiye karayolunun 6. kilometresinde, Euromos Antik Kenti yol ayr\u0131m\u0131nda meydana geldi. Edinilen bilgilere g\u00f6re, Didim Belediyesi K\u00fclt\u00fcr ve Sosyal \u0130\u015fler M\u00fcd\u00fcr\u00fc Asl\u0131 K\u0131ray y\u00f6netimindeki 09 D 9928 plakal\u0131 otomobil, Milas istikametine seyir halindeyken s\u00fcr\u00fcc\u00fcn\u00fcn hen\u00fcz bilinmeyen bir nedenle direksiyon hakimiyetini kaybetmesi sonucu kontrolden \u00e7\u0131k\u0131p takla atarak kar\u015f\u0131 \u015feride savruldu. Kazada, otomobilde yolcu konumunda bulunan 14 ya\u015f\u0131ndaki Derin K\u0131ray ara\u00e7tan f\u0131rlarken, otomobil s\u00fcr\u00fcc\u00fcs\u00fc anne Asl\u0131 K\u0131ray ve di\u011fer \u00e7ocu\u011fu L.K. yaraland\u0131. Kazay\u0131 g\u00f6renler durumu 112 Acil \u00c7a\u011fr\u0131 Merkezi\u2019ne bildirdi. \u0130hbar \u00fczerine b\u00f6lgeye sa\u011fl\u0131k, itfaiye ve jandarma ekipleri sevk edildi. K\u0131sa s\u00fcrede olay yerine gelen Mu\u011fla B\u00fcy\u00fck\u015fehir Belediyesi \u0130tfaiye Daire Ba\u015fkanl\u0131\u011f\u0131 ekipleri yaral\u0131 anne ve \u00e7ocu\u011funu s\u0131k\u0131\u015ft\u0131klar\u0131 otomobilin i\u00e7erisinden \u00e7\u0131kartarak sa\u011fl\u0131k ekiplerine teslim etti. Sa\u011fl\u0131k ekipleri taraf\u0131ndan da ilk m\u00fcdahaleleri yap\u0131lan anne ve \u00e7ocu\u011fu ambulansla hastaneye sevk edildi.<\/p>\n<p>Olay yerinde hayat\u0131n\u0131 kaybetti<br \/>\n<br \/>Sa\u011fl\u0131k ekipleri yapt\u0131klar\u0131 kontrollerde kazada otomobilden f\u0131rlayan 14 ya\u015f\u0131ndaki Derin K\u0131nay\u2019\u0131n da hayat\u0131n\u0131 kaybetti\u011fini tespit etti. Kaza nedeniyle yolda uzun kuyruklar olu\u015furken, otomobilin olay yerinden kald\u0131r\u0131lmas\u0131 ile trafik normale d\u00f6nd\u00fc.<\/p>\n<p>Kazan\u0131n ate\u015fi Didim\u2019e d\u00fc\u015ft\u00fc<br \/>\n<br \/>Kazada hayat\u0131n\u0131 kaybeden Derin K\u0131ray\u2019\u0131n Didim Belediyesi eski meclis \u00fcyesi Mustafa K\u0131ray\u2019\u0131n torunu oldu\u011fu \u00f6\u011frenilirken, kazada yaralanan Didim Belediyesi K\u00fclt\u00fcr ve Sosyal \u0130\u015fler M\u00fcd\u00fcr\u00fc Asl\u0131 K\u0131ray ve \u00e7ocu\u011funun hastanedeki tedavilerinin s\u00fcrd\u00fc\u011f\u00fc bilgisine ula\u015f\u0131ld\u0131.<br \/>\n<br \/>Kazayla ilgili soru\u015fturma s\u00fcr\u00fcyor.<br \/><\/p>\n","protected":false},"excerpt":{"rendered":"<p>Mu\u011fla\u2019n\u0131n Milas il\u00e7esinde meydana gelen trafik kazas\u0131nda Didim Belediyesi K\u00fclt\u00fcr ve Sosyal \u0130\u015fler M\u00fcd\u00fcr\u00fc Asl\u0131 K\u0131ray\u2019\u0131n k\u0131z\u0131 ve Belediye eski Meclis \u00dcyesi Mustafa K\u0131ray\u2019\u0131n 14 ya\u015f\u0131ndaki torunu hayat\u0131n\u0131 kaybetti. Kazara s\u00fcr\u00fcc\u00fc anne ile \u00e7ocu\u011fu yaraland\u0131. Kaza, Milas-Selimiye karayolunun 6. kilometresinde, Euromos Antik Kenti yol ayr\u0131m\u0131nda meydana geldi. Edinilen bilgilere g\u00f6re, Didim Belediyesi K\u00fclt\u00fcr ve Sosyal&#8230;<\/p>\n","protected":false},"author":1,"featured_media":43335,"comment_status":"open","ping_status":"open","sticky":false,"template":"","format":"standard","meta":{"_crdt_document":"","footnotes":""},"categories":[5],"tags":[],"class_list":["post-43334","post","type-post","status-publish","format-standard","has-post-thumbnail","hentry","category-asayis"],"_links":{"self":[{"href":"https:\/\/www.egemtv.com\/index.php?rest_route=\/wp\/v2\/posts\/43334","targetHints":{"allow":["GET"]}}],"collection":[{"href":"https:\/\/www.egemtv.com\/index.php?rest_route=\/wp\/v2\/posts"}],"about":[{"href":"https:\/\/www.egemtv.com\/index.php?rest_route=\/wp\/v2\/types\/post"}],"author":[{"embeddable":true,"href":"https:\/\/www.egemtv.com\/index.php?rest_route=\/wp\/v2\/users\/1"}],"replies":[{"embeddable":true,"href":"https:\/\/www.egemtv.com\/index.php?rest_route=%2Fwp%2Fv2%2Fcomments&post=43334"}],"version-history":[{"count":1,"href":"https:\/\/www.egemtv.com\/index.php?rest_route=\/wp\/v2\/posts\/43334\/revisions"}],"predecessor-version":[{"id":43336,"href":"https:\/\/www.egemtv.com\/index.php?rest_route=\/wp\/v2\/posts\/43334\/revisions\/43336"}],"wp:featuredmedia":[{"embeddable":true,"href":"https:\/\/www.egemtv.com\/index.php?rest_route=\/wp\/v2\/media\/43335"}],"wp:attachment":[{"href":"https:\/\/www.egemtv.com\/index.php?rest_route=%2Fwp%2Fv2%2Fmedia&parent=43334"}],"wp:term":[{"taxonomy":"category","embeddable":true,"href":"https:\/\/www.egemtv.com\/index.php?rest_route=%2Fwp%2Fv2%2Fcategories&post=43334"},{"taxonomy":"post_tag","embeddable":true,"href":"https:\/\/www.egemtv.com\/index.php?rest_route=%2Fwp%2Fv2%2Ftags&post=43334"}],"curies":[{"name":"wp","href":"https:\/\/api.w.org\/{rel}","templated":true}]}}