{"id":43331,"date":"2025-07-20T17:55:43","date_gmt":"2025-07-20T14:55:43","guid":{"rendered":"https:\/\/www.egemtv.com\/?p=43331"},"modified":"2025-07-20T17:55:46","modified_gmt":"2025-07-20T14:55:46","slug":"muglada-trafik-kazasi-1-olu-2-yarali","status":"publish","type":"post","link":"https:\/\/www.egemtv.com\/?p=43331","title":{"rendered":"Mu\u011fla\u2019da trafik kazas\u0131: 1 \u00f6l\u00fc, 2 yaral\u0131"},"content":{"rendered":"<p>Mu\u011fla\u2019n\u0131n Milas il\u00e7esinde meydana gelen trafik kazas\u0131nda 1 \u00e7ocuk hayat\u0131n\u0131 kaybetti, 2 ki\u015fi yaraland\u0131.<br \/>\n<br \/>Kaza, Milas-Selimiye karayolunun 6. kilometresinde, Euromos Antik Kenti yol ayr\u0131m\u0131nda meydana geldi. Edinilen bilgilere g\u00f6re, Milas istikametine seyir halindeki A.K. y\u00f6netimindeki 09 D 9928 plakal\u0131 otomobil, kontrolden \u00e7\u0131karak kar\u015f\u0131 \u015feride savulup takla att\u0131. Kazada, otomobilde bulunan 14 ya\u015f\u0131ndaki Derin K. ara\u00e7tan f\u0131rlarken, otomobil s\u00fcr\u00fcc\u00fcs\u00fc anne A.K. ve di\u011fer \u00e7ocu\u011fu L.K. yaraland\u0131. Kazay\u0131 g\u00f6renler durumu 112 Acil \u00c7a\u011fr\u0131 Merkezi\u2019ne bildirdi. \u0130hbar \u00fczerine b\u00f6lgeye sa\u011fl\u0131k, itfaiye ve jandarma ekipleri sevk edildi. K\u0131sa s\u00fcrede olay yerine gelen Mu\u011fla B\u00fcy\u00fck\u015fehir Belediyesi \u0130tfaiye Daire Ba\u015fkanl\u0131\u011f\u0131 ekipleri yaral\u0131 anne ve di\u011fer \u00e7ocu\u011funu s\u0131k\u0131\u015ft\u0131klar\u0131 otomobilin i\u00e7erisinden \u00e7\u0131kartarak sa\u011fl\u0131k ekiplerine teslim etti. Sa\u011fl\u0131k ekipleri taraf\u0131ndan da ilk m\u00fcdahaleleri yap\u0131lan anne ve \u00e7ocu\u011fu ambulansla hastaneye sevk edildi.<\/p>\n<p>Olay yerinde hayat\u0131n\u0131 kaybetti<br \/>\n<br \/>Sa\u011fl\u0131k ekipleri yapt\u0131klar\u0131 kontrollerde kazada otomobilden f\u0131rlayan 14 ya\u015f\u0131ndaki Derin K.\u2019nin hayat\u0131n\u0131 kaybetti\u011fini tespit etti. Kaza nedeniyle uzun kuyruklar olu\u015fan Milas-Selimiye karayolunda jandarma ekipleri \u00e7al\u0131\u015fma yaparken, otomobilin olay yerinden kald\u0131r\u0131lmas\u0131 ile trafik normale d\u00f6nd\u00fc.<br \/>\n<br \/>Kazayla ilgili soru\u015fturma s\u00fcr\u00fcyor.<br \/><\/p>\n","protected":false},"excerpt":{"rendered":"<p>Mu\u011fla\u2019n\u0131n Milas il\u00e7esinde meydana gelen trafik kazas\u0131nda 1 \u00e7ocuk hayat\u0131n\u0131 kaybetti, 2 ki\u015fi yaraland\u0131. Kaza, Milas-Selimiye karayolunun 6. kilometresinde, Euromos Antik Kenti yol ayr\u0131m\u0131nda meydana geldi. Edinilen bilgilere g\u00f6re, Milas istikametine seyir halindeki A.K. y\u00f6netimindeki 09 D 9928 plakal\u0131 otomobil, kontrolden \u00e7\u0131karak kar\u015f\u0131 \u015feride savulup takla att\u0131. Kazada, otomobilde bulunan 14 ya\u015f\u0131ndaki Derin K. ara\u00e7tan&#8230;<\/p>\n","protected":false},"author":1,"featured_media":43332,"comment_status":"open","ping_status":"open","sticky":false,"template":"","format":"standard","meta":{"_crdt_document":"","footnotes":""},"categories":[5],"tags":[],"class_list":["post-43331","post","type-post","status-publish","format-standard","has-post-thumbnail","hentry","category-asayis"],"_links":{"self":[{"href":"https:\/\/www.egemtv.com\/index.php?rest_route=\/wp\/v2\/posts\/43331","targetHints":{"allow":["GET"]}}],"collection":[{"href":"https:\/\/www.egemtv.com\/index.php?rest_route=\/wp\/v2\/posts"}],"about":[{"href":"https:\/\/www.egemtv.com\/index.php?rest_route=\/wp\/v2\/types\/post"}],"author":[{"embeddable":true,"href":"https:\/\/www.egemtv.com\/index.php?rest_route=\/wp\/v2\/users\/1"}],"replies":[{"embeddable":true,"href":"https:\/\/www.egemtv.com\/index.php?rest_route=%2Fwp%2Fv2%2Fcomments&post=43331"}],"version-history":[{"count":1,"href":"https:\/\/www.egemtv.com\/index.php?rest_route=\/wp\/v2\/posts\/43331\/revisions"}],"predecessor-version":[{"id":43333,"href":"https:\/\/www.egemtv.com\/index.php?rest_route=\/wp\/v2\/posts\/43331\/revisions\/43333"}],"wp:featuredmedia":[{"embeddable":true,"href":"https:\/\/www.egemtv.com\/index.php?rest_route=\/wp\/v2\/media\/43332"}],"wp:attachment":[{"href":"https:\/\/www.egemtv.com\/index.php?rest_route=%2Fwp%2Fv2%2Fmedia&parent=43331"}],"wp:term":[{"taxonomy":"category","embeddable":true,"href":"https:\/\/www.egemtv.com\/index.php?rest_route=%2Fwp%2Fv2%2Fcategories&post=43331"},{"taxonomy":"post_tag","embeddable":true,"href":"https:\/\/www.egemtv.com\/index.php?rest_route=%2Fwp%2Fv2%2Ftags&post=43331"}],"curies":[{"name":"wp","href":"https:\/\/api.w.org\/{rel}","templated":true}]}}