{"id":43328,"date":"2025-07-20T17:36:04","date_gmt":"2025-07-20T14:36:04","guid":{"rendered":"https:\/\/www.egemtv.com\/?p=43328"},"modified":"2025-07-20T17:36:07","modified_gmt":"2025-07-20T14:36:07","slug":"izmirin-copu-tireye-tasiniyor-vatandaslar-tepkili","status":"publish","type":"post","link":"https:\/\/www.egemtv.com\/?p=43328","title":{"rendered":"\u0130zmir\u2019in \u00e7\u00f6p\u00fc Tire\u2019ye ta\u015f\u0131n\u0131yor: Vatanda\u015flar tepkili"},"content":{"rendered":"<p>\u0130zmir\u2019in evsel at\u0131klar\u0131 Tire\u2019nin Karateke Mahallesi\u2019ne ta\u015f\u0131n\u0131yor. Devlete ait mera alan\u0131na \u2019vah\u015fi depolama\u2019 y\u00f6ntemiyle d\u00f6k\u00fclen \u00e7\u00f6pler, b\u00f6lge halk\u0131n\u0131n tepkisini toplad\u0131.<br \/>\n<br \/>Her g\u00fcn yakla\u015f\u0131k 70 \u00e7\u00f6p t\u0131r\u0131n\u0131n \u0130zmir\u2019den Tire\u2019ye geldi\u011fi belirtilirken, \u00e7\u00f6plerin geli\u015fi s\u0131ras\u0131nda \u00e7evreye yay\u0131lan koku ve \u00e7\u00f6pten s\u0131zan sular, Karateke sakinlerinin ya\u015fam\u0131n\u0131 olumsuz etkiliyor. Mahalle halk\u0131, bu duruma daha fazla tahamm\u00fcl edemeyeceklerini ifade etti. Vatanda\u015flar, evlerinin \u00f6n\u00fcnden ge\u00e7en onlarca \u00e7\u00f6p t\u0131r\u0131n\u0131n \u00e7evreye zarar verdi\u011fini ve ya\u015fam kalitelerini d\u00fc\u015f\u00fcrd\u00fc\u011f\u00fcn\u00fc belirterek, eylem yapacaklar\u0131n\u0131 s\u00f6yledi.<\/p>\n<p>Bakanl\u0131k ceza kesti ama \u00e7\u00f6p d\u00f6k\u00fcm\u00fc s\u00fcr\u00fcyor<br \/>\n<br \/>\u0130zmir \u00c7evre, \u015eehircilik ve \u0130klim De\u011fi\u015fikli\u011fi \u0130l M\u00fcd\u00fcrl\u00fc\u011f\u00fc, ge\u00e7ti\u011fimiz may\u0131s ay\u0131nda b\u00f6lgede yap\u0131lan denetimlerde \u0130zmir B\u00fcy\u00fck\u015fehir Belediyesi\u2019nin vah\u015fi depolama yapt\u0131\u011f\u0131n\u0131 tespit etti. Bu nedenle belediyeye 3 milyon 739 bin 452 lira idari para cezas\u0131 kesildi ve sorumlular hakk\u0131nda su\u00e7 duyurusunda bulunuldu. Ancak bu yapt\u0131r\u0131mlar da vah\u015fi depolamay\u0131 durdurmaya yetmedi. \u0130zmir B\u00fcy\u00fck\u015fehir Belediyesi\u2019ne ba\u011fl\u0131 ekiplerin \u00e7\u00f6p d\u00f6k\u00fcm faaliyetlerine devam etti\u011fi bildiriliyor.<\/p>\n<p>Bas\u0131na m\u00fcdahale: Gazetecilere engel, jandarma m\u00fcdahale etti<br \/>\n<br \/>Bug\u00fcn b\u00f6lgede haber takibi yapan \u0130HA muhabiri, \u00e7\u00f6p d\u00f6k\u00fclen alan\u0131 g\u00f6r\u00fcnt\u00fclemek istedi\u011fi s\u0131rada \u0130zmir B\u00fcy\u00fck\u015fehir Belediyesi ekipleri taraf\u0131ndan engellenmeye \u00e7al\u0131\u015f\u0131ld\u0131. Belediye g\u00f6revlileri, alan\u0131 \u2019kendi yetki alanlar\u0131\u2019 olarak ilan ederek \u00e7ekim yap\u0131lmas\u0131na izin vermedi. Bas\u0131n mensubunun g\u00f6revini yapmas\u0131na fiziksel m\u00fcdahaleye varan engellemeler \u00fczerine olay yerine jandarma \u00e7a\u011fr\u0131ld\u0131. Jandarma ekiplerinin devreye girmesiyle gerginlik son buldu.<br \/><\/p>\n","protected":false},"excerpt":{"rendered":"<p>\u0130zmir\u2019in evsel at\u0131klar\u0131 Tire\u2019nin Karateke Mahallesi\u2019ne ta\u015f\u0131n\u0131yor. Devlete ait mera alan\u0131na \u2019vah\u015fi depolama\u2019 y\u00f6ntemiyle d\u00f6k\u00fclen \u00e7\u00f6pler, b\u00f6lge halk\u0131n\u0131n tepkisini toplad\u0131. Her g\u00fcn yakla\u015f\u0131k 70 \u00e7\u00f6p t\u0131r\u0131n\u0131n \u0130zmir\u2019den Tire\u2019ye geldi\u011fi belirtilirken, \u00e7\u00f6plerin geli\u015fi s\u0131ras\u0131nda \u00e7evreye yay\u0131lan koku ve \u00e7\u00f6pten s\u0131zan sular, Karateke sakinlerinin ya\u015fam\u0131n\u0131 olumsuz etkiliyor. Mahalle halk\u0131, bu duruma daha fazla tahamm\u00fcl edemeyeceklerini ifade etti&#8230;.<\/p>\n","protected":false},"author":1,"featured_media":43329,"comment_status":"open","ping_status":"open","sticky":false,"template":"","format":"standard","meta":{"_crdt_document":"","footnotes":""},"categories":[1],"tags":[],"class_list":["post-43328","post","type-post","status-publish","format-standard","has-post-thumbnail","hentry","category-guncel"],"_links":{"self":[{"href":"https:\/\/www.egemtv.com\/index.php?rest_route=\/wp\/v2\/posts\/43328","targetHints":{"allow":["GET"]}}],"collection":[{"href":"https:\/\/www.egemtv.com\/index.php?rest_route=\/wp\/v2\/posts"}],"about":[{"href":"https:\/\/www.egemtv.com\/index.php?rest_route=\/wp\/v2\/types\/post"}],"author":[{"embeddable":true,"href":"https:\/\/www.egemtv.com\/index.php?rest_route=\/wp\/v2\/users\/1"}],"replies":[{"embeddable":true,"href":"https:\/\/www.egemtv.com\/index.php?rest_route=%2Fwp%2Fv2%2Fcomments&post=43328"}],"version-history":[{"count":1,"href":"https:\/\/www.egemtv.com\/index.php?rest_route=\/wp\/v2\/posts\/43328\/revisions"}],"predecessor-version":[{"id":43330,"href":"https:\/\/www.egemtv.com\/index.php?rest_route=\/wp\/v2\/posts\/43328\/revisions\/43330"}],"wp:featuredmedia":[{"embeddable":true,"href":"https:\/\/www.egemtv.com\/index.php?rest_route=\/wp\/v2\/media\/43329"}],"wp:attachment":[{"href":"https:\/\/www.egemtv.com\/index.php?rest_route=%2Fwp%2Fv2%2Fmedia&parent=43328"}],"wp:term":[{"taxonomy":"category","embeddable":true,"href":"https:\/\/www.egemtv.com\/index.php?rest_route=%2Fwp%2Fv2%2Fcategories&post=43328"},{"taxonomy":"post_tag","embeddable":true,"href":"https:\/\/www.egemtv.com\/index.php?rest_route=%2Fwp%2Fv2%2Ftags&post=43328"}],"curies":[{"name":"wp","href":"https:\/\/api.w.org\/{rel}","templated":true}]}}