{"id":43325,"date":"2025-07-20T17:36:02","date_gmt":"2025-07-20T14:36:02","guid":{"rendered":"https:\/\/www.egemtv.com\/?p=43325"},"modified":"2025-07-20T17:36:04","modified_gmt":"2025-07-20T14:36:04","slug":"bir-elinde-baston-diger-elinde-silahla-koylulere-kabusu-yasatti","status":"publish","type":"post","link":"https:\/\/www.egemtv.com\/?p=43325","title":{"rendered":"Bir elinde baston di\u011fer elinde silahla k\u00f6yl\u00fclere kabusu ya\u015fatt\u0131"},"content":{"rendered":"<p>Isparta\u2019n\u0131n Gelendost il\u00e7esinde hen\u00fcz bilinmeyen bir sebeple \u00e7\u0131kan tart\u0131\u015fmada 93 ya\u015f\u0131ndaki ya\u015fl\u0131 adam silahla ortal\u0131\u011f\u0131 birbirine katt\u0131. Bir elinde bastonu di\u011fer elinde silah\u0131yla k\u00f6y meydan\u0131n\u0131 basan ya\u015fl\u0131 adam k\u00f6yl\u00fclere kabusu ya\u015fatt\u0131. Olayda biri a\u011f\u0131r olmak \u00fczere 3 ki\u015fi yaralan\u0131rken, olay an\u0131na ait g\u00fcvenlik kameralar\u0131 ortaya \u00e7\u0131kt\u0131.<br \/>\n<br \/>Olay, 14 Temmuz Pazartesi g\u00fcn\u00fc saat 14.30 s\u0131ralar\u0131nda Isparta\u2019n\u0131n Gelendost il\u00e7esine ba\u011fl\u0131 \u00c7alt\u0131 k\u00f6y\u00fcnde meydana geldi. Edinilen bilgilere g\u00f6re, 93 ya\u015f\u0131ndaki Mehmet A.K., k\u00f6y meydan\u0131nda ye\u011feni oldu\u011fu iddia edilen Kemal \u00c7. ile hen\u00fcz bilinmeyen bir sebeple tart\u0131\u015fmaya ba\u015flad\u0131. Tart\u0131\u015fman\u0131n b\u00fcy\u00fcmesi \u00fczerine Mehmet A.K., elindeki tabancayla Kemal \u00c7.\u2019ye ate\u015f a\u00e7t\u0131. Seken kur\u015funlar, olay s\u0131ras\u0131nda meydanda bulunan 8 ya\u015f\u0131ndaki Emirhan P. ile \u015eerhan S.\u2019ye de isabet etti. Silah seslerini duyan k\u00f6yl\u00fclerin ihbar\u0131 \u00fczerine olay yerine sa\u011fl\u0131k ve jandarma ekipleri sevk edildi. Yaralanan Kemal \u00c7., Emirhan P. ve \u015eerhan S. sa\u011fl\u0131k ekiplerinin olay yerindeki ilk m\u00fcdahalesinin ard\u0131ndan ambulanslarla hastaneye kald\u0131r\u0131ld\u0131. Yaral\u0131lardan Kemal \u00c7.\u2019nin durumunun a\u011f\u0131r oldu\u011fu \u00f6\u011frenildi.<\/p>\n<p>Olayla ilgili g\u00f6r\u00fcnt\u00fcler ortaya \u00e7\u0131kt\u0131<br \/>\n<br \/>Olayla ilgili jandarma ekipleri geni\u015f \u00e7apl\u0131 soru\u015fturma ba\u015flat\u0131rken, sald\u0131r\u0131 an\u0131na ili\u015fkin g\u00fcvenlik kameras\u0131 g\u00f6r\u00fcnt\u00fcleri de ortaya \u00e7\u0131kt\u0131. G\u00f6r\u00fcnt\u00fclerde Mehmet A.K.\u2019nin elinde baston ve silahla k\u00f6y meydan\u0131na geldi\u011fi, ortal\u0131\u011fa rastgele ate\u015f a\u00e7t\u0131ktan sonra uzakla\u015ft\u0131\u011f\u0131 g\u00f6r\u00fcld\u00fc.<br \/><\/p>\n","protected":false},"excerpt":{"rendered":"<p>Isparta\u2019n\u0131n Gelendost il\u00e7esinde hen\u00fcz bilinmeyen bir sebeple \u00e7\u0131kan tart\u0131\u015fmada 93 ya\u015f\u0131ndaki ya\u015fl\u0131 adam silahla ortal\u0131\u011f\u0131 birbirine katt\u0131. Bir elinde bastonu di\u011fer elinde silah\u0131yla k\u00f6y meydan\u0131n\u0131 basan ya\u015fl\u0131 adam k\u00f6yl\u00fclere kabusu ya\u015fatt\u0131. Olayda biri a\u011f\u0131r olmak \u00fczere 3 ki\u015fi yaralan\u0131rken, olay an\u0131na ait g\u00fcvenlik kameralar\u0131 ortaya \u00e7\u0131kt\u0131. Olay, 14 Temmuz Pazartesi g\u00fcn\u00fc saat 14.30 s\u0131ralar\u0131nda Isparta\u2019n\u0131n&#8230;<\/p>\n","protected":false},"author":1,"featured_media":43326,"comment_status":"open","ping_status":"open","sticky":false,"template":"","format":"standard","meta":{"_crdt_document":"","footnotes":""},"categories":[5],"tags":[],"class_list":["post-43325","post","type-post","status-publish","format-standard","has-post-thumbnail","hentry","category-asayis"],"_links":{"self":[{"href":"https:\/\/www.egemtv.com\/index.php?rest_route=\/wp\/v2\/posts\/43325","targetHints":{"allow":["GET"]}}],"collection":[{"href":"https:\/\/www.egemtv.com\/index.php?rest_route=\/wp\/v2\/posts"}],"about":[{"href":"https:\/\/www.egemtv.com\/index.php?rest_route=\/wp\/v2\/types\/post"}],"author":[{"embeddable":true,"href":"https:\/\/www.egemtv.com\/index.php?rest_route=\/wp\/v2\/users\/1"}],"replies":[{"embeddable":true,"href":"https:\/\/www.egemtv.com\/index.php?rest_route=%2Fwp%2Fv2%2Fcomments&post=43325"}],"version-history":[{"count":1,"href":"https:\/\/www.egemtv.com\/index.php?rest_route=\/wp\/v2\/posts\/43325\/revisions"}],"predecessor-version":[{"id":43327,"href":"https:\/\/www.egemtv.com\/index.php?rest_route=\/wp\/v2\/posts\/43325\/revisions\/43327"}],"wp:featuredmedia":[{"embeddable":true,"href":"https:\/\/www.egemtv.com\/index.php?rest_route=\/wp\/v2\/media\/43326"}],"wp:attachment":[{"href":"https:\/\/www.egemtv.com\/index.php?rest_route=%2Fwp%2Fv2%2Fmedia&parent=43325"}],"wp:term":[{"taxonomy":"category","embeddable":true,"href":"https:\/\/www.egemtv.com\/index.php?rest_route=%2Fwp%2Fv2%2Fcategories&post=43325"},{"taxonomy":"post_tag","embeddable":true,"href":"https:\/\/www.egemtv.com\/index.php?rest_route=%2Fwp%2Fv2%2Ftags&post=43325"}],"curies":[{"name":"wp","href":"https:\/\/api.w.org\/{rel}","templated":true}]}}