{"id":43322,"date":"2025-07-20T17:15:53","date_gmt":"2025-07-20T14:15:53","guid":{"rendered":"https:\/\/www.egemtv.com\/?p=43322"},"modified":"2025-07-20T17:15:55","modified_gmt":"2025-07-20T14:15:55","slug":"karya-farma-hbx-ar-geden-yeni-nesil-dogal-sifa-projesi-tuz-odasi-dogayla-butunlesik-konseptte-hayata-gecirilecek","status":"publish","type":"post","link":"https:\/\/www.egemtv.com\/?p=43322","title":{"rendered":"Karya Farma HBX AR-GE\u2019den yeni nesil do\u011fal \u015fifa projesi: Tuz Odas\u0131, do\u011fayla b\u00fct\u00fcnle\u015fik konseptte hayata ge\u00e7irilecek"},"content":{"rendered":"<p>Ge, do\u011fayla b\u00fct\u00fcnle\u015fik konseptte tuz odas\u0131 hayata ge\u00e7irecek proje haz\u0131rlad\u0131\u011f\u0131n\u0131 duyurdu. Tabiat\u0131n kalbinde, \u00f6zel olarak tasarlanm\u0131\u015f konsept bir \u015fifa alan\u0131nda kurulacak olan \u2018Tuz Odas\u0131 Projesi\u2019nin klasik tuz terapilerinden \u00e7ok daha fazlas\u0131n\u0131 sunaca\u011f\u0131 belirtildi.<\/p>\n<p>Ba\u015fta kronik solunum yolu rahats\u0131zl\u0131klar\u0131 (ast\u0131m, bron\u015fit, KOAH) olmak \u00fczere cilt hastal\u0131klar\u0131 (egzama, sedef, enfeksiyonlar) ve uyku problemleri ya\u015fayanlar\u0131n tedavisinde kullan\u0131lan tuz odas\u0131 projesinin bug\u00fcne kadar uygulanan tuz odas\u0131 projelerinden farkl\u0131 oldu\u011funu kaydeden HBX Ar-Ge Kurucusu Hakan Ba\u015fl\u0131k, &#8220;\u00c7ank\u0131r\u0131 kaya tuzu, HBX-2371 form\u00fclasyonu, renk terapisi, m\u00fczik frekanslar\u0131, do\u011fal \u0131\u015f\u0131k sistemleri ve buhar dif\u00fczyonu ile entegre \u00e7al\u0131\u015farak hem fiziksel hem de zihinsel iyile\u015fmeyi hedefleyen tamamen yenilik\u00e7i ve b\u00fct\u00fcnc\u00fcl bir sistem olacak. Kurulacak \u00f6zel \u015fifa odas\u0131nda: Negatif iyon yayan \u00c7ank\u0131r\u0131 kaya tuzu bloklar\u0131, HBX-2371 buhar teknolojisi, do\u011fal ta\u015f zeminler ve a\u011fa\u00e7larla \u00e7evrili ortam, \u015fifa frekanslar\u0131yla uyumlu m\u00fczikler ve renk terapisi yer alacak. Bu sistem, klasik spa veya kapal\u0131 terapi alanlar\u0131ndan farkl\u0131 olarak tamamen do\u011fayla i\u00e7 i\u00e7e, y\u00fcksek frekansl\u0131 bir \u015fifa alan\u0131 olacak&#8221; dedi.<\/p>\n<p>HBX Ar-Ge\u2019nin patentli molek\u00fcl\u00fc olan HBX-2371, antibakteriyel, antivir\u00fctik, antimikotik, antiparazitik ve antikanser etkileriyle tan\u0131nd\u0131\u011f\u0131n\u0131 ve projede bu sistemi kulland\u0131klar\u0131n\u0131 kaydeden Ba\u015fl\u0131k, &#8220;Projede bu molek\u00fcl, d\u00fc\u015f\u00fck doz buhar \u015feklinde tuz odas\u0131na entegre edilerek, do\u011fal ba\u011f\u0131\u015f\u0131kl\u0131k sistemini destekleyecek bir atmosfer olu\u015fturacak. Kronik solunum yolu rahats\u0131zl\u0131klar\u0131, cilt hastal\u0131klar\u0131, uyku problemleri, ba\u011f\u0131\u015f\u0131kl\u0131k d\u00fc\u015f\u00fckl\u00fc\u011f\u00fc ve detoks ihtiyac\u0131 olan bireylerin tedavisinde kullan\u0131lacak. \u015eifa arayanlara d\u00f6rt duvar de\u011fil, do\u011fan\u0131n kuca\u011f\u0131nda bilimsel ve frekanssal bir alan sunuyoruz. Bu \u00f6zel \u015fifa odas\u0131n\u0131n ilk kurulumu, do\u011fayla uyumlu mimariyle tasarlanm\u0131\u015f bir alanda, tamamen \u00f6zg\u00fcn bir mimari ve biyofrekans tasar\u0131m\u0131yla ger\u00e7ekle\u015ftirilecek&#8221; diyerek proje ile sa\u011fl\u0131k turizmi ve alternatif terapi alan\u0131nda T\u00fcrkiye\u2019ye yeni bir soluk getirmeyi hedeflediklerini s\u00f6yledi.<\/p>\n<p>T\u00fcrkiye\u2019nin kalbinden \u00e7\u0131kan \u00c7ank\u0131r\u0131 kaya tuzunun, yaln\u0131zca sofra i\u00e7in de\u011fil, sa\u011fl\u0131k i\u00e7in de e\u015fsiz bir kaynak oldu\u011funu belirten Karya Farma HBX Ar-Ge ekibinden Kimyager ve Nefes E\u011fitim Uzman\u0131 Asl\u0131 Akta\u015f, &#8220;Saf yap\u0131s\u0131 ve a\u011f\u0131r metal i\u00e7ermemesiyle \u00f6ne \u00e7\u0131kan bu tuz, \u00f6zellikle solunum yollar\u0131 \u00fczerinde bilimsel olarak kan\u0131tlanm\u0131\u015f faydalar sunuyor. Tuz terapi odalar\u0131nda havaya yay\u0131lan ince tuz par\u00e7ac\u0131klar\u0131 solundu\u011funda, akci\u011ferlere kadar ula\u015f\u0131yor. Bu par\u00e7ac\u0131klar mukusu inceltiyor, iltihab\u0131 azalt\u0131yor, bakterileri bask\u0131l\u0131yor ve bron\u015flar\u0131 do\u011fal yoldan temizliyor. Ast\u0131m, bron\u015fit, sin\u00fczit gibi rahats\u0131zl\u0131klarda hastalar\u0131n nefes kalitesini art\u0131rd\u0131\u011f\u0131 klinik verilerle destekleniyor&#8221; dedi.<br \/><\/p>\n","protected":false},"excerpt":{"rendered":"<p>Ge, do\u011fayla b\u00fct\u00fcnle\u015fik konseptte tuz odas\u0131 hayata ge\u00e7irecek proje haz\u0131rlad\u0131\u011f\u0131n\u0131 duyurdu. Tabiat\u0131n kalbinde, \u00f6zel olarak tasarlanm\u0131\u015f konsept bir \u015fifa alan\u0131nda kurulacak olan \u2018Tuz Odas\u0131 Projesi\u2019nin klasik tuz terapilerinden \u00e7ok daha fazlas\u0131n\u0131 sunaca\u011f\u0131 belirtildi. Ba\u015fta kronik solunum yolu rahats\u0131zl\u0131klar\u0131 (ast\u0131m, bron\u015fit, KOAH) olmak \u00fczere cilt hastal\u0131klar\u0131 (egzama, sedef, enfeksiyonlar) ve uyku problemleri ya\u015fayanlar\u0131n tedavisinde kullan\u0131lan tuz&#8230;<\/p>\n","protected":false},"author":1,"featured_media":43323,"comment_status":"open","ping_status":"open","sticky":false,"template":"","format":"standard","meta":{"_crdt_document":"","footnotes":""},"categories":[2],"tags":[],"class_list":["post-43322","post","type-post","status-publish","format-standard","has-post-thumbnail","hentry","category-saglik"],"_links":{"self":[{"href":"https:\/\/www.egemtv.com\/index.php?rest_route=\/wp\/v2\/posts\/43322","targetHints":{"allow":["GET"]}}],"collection":[{"href":"https:\/\/www.egemtv.com\/index.php?rest_route=\/wp\/v2\/posts"}],"about":[{"href":"https:\/\/www.egemtv.com\/index.php?rest_route=\/wp\/v2\/types\/post"}],"author":[{"embeddable":true,"href":"https:\/\/www.egemtv.com\/index.php?rest_route=\/wp\/v2\/users\/1"}],"replies":[{"embeddable":true,"href":"https:\/\/www.egemtv.com\/index.php?rest_route=%2Fwp%2Fv2%2Fcomments&post=43322"}],"version-history":[{"count":1,"href":"https:\/\/www.egemtv.com\/index.php?rest_route=\/wp\/v2\/posts\/43322\/revisions"}],"predecessor-version":[{"id":43324,"href":"https:\/\/www.egemtv.com\/index.php?rest_route=\/wp\/v2\/posts\/43322\/revisions\/43324"}],"wp:featuredmedia":[{"embeddable":true,"href":"https:\/\/www.egemtv.com\/index.php?rest_route=\/wp\/v2\/media\/43323"}],"wp:attachment":[{"href":"https:\/\/www.egemtv.com\/index.php?rest_route=%2Fwp%2Fv2%2Fmedia&parent=43322"}],"wp:term":[{"taxonomy":"category","embeddable":true,"href":"https:\/\/www.egemtv.com\/index.php?rest_route=%2Fwp%2Fv2%2Fcategories&post=43322"},{"taxonomy":"post_tag","embeddable":true,"href":"https:\/\/www.egemtv.com\/index.php?rest_route=%2Fwp%2Fv2%2Ftags&post=43322"}],"curies":[{"name":"wp","href":"https:\/\/api.w.org\/{rel}","templated":true}]}}