{"id":43319,"date":"2025-07-20T16:34:51","date_gmt":"2025-07-20T13:34:51","guid":{"rendered":"https:\/\/www.egemtv.com\/?p=43319"},"modified":"2025-07-20T16:34:54","modified_gmt":"2025-07-20T13:34:54","slug":"hayatini-kaybeden-doktor-aydin-son-yolculuguna-ugurlandi","status":"publish","type":"post","link":"https:\/\/www.egemtv.com\/?p=43319","title":{"rendered":"Hayat\u0131n\u0131 kaybeden doktor Ayd\u0131n son yolculu\u011funa u\u011furland\u0131"},"content":{"rendered":"<p>Ayd\u0131n\u2019\u0131n Nazilli il\u00e7esinde g\u00f6rev yapan ve ge\u00e7irdi\u011fi ani rahats\u0131zl\u0131k sonucu hayat\u0131n\u0131 kaybeden Uzman Doktor \u0130smail Ayd\u0131n son yolculu\u011funa u\u011furland\u0131.<\/p>\n<p>Nazilli Devlet Hastanesi\u2019nde T\u0131bbi Mikrobiyoloji Uzman\u0131 olarak g\u00f6rev yapan ve ge\u00e7irdi\u011fi ani rahats\u0131zl\u0131k dolay\u0131s\u0131yla hayat\u0131n\u0131 kaybeden Uzm. Dr. \u0130smail Ayd\u0131n i\u00e7in cenaze t\u00f6reni d\u00fczenlendi. Bozdo\u011fan\u2019\u0131n Haydere Mahallesinde d\u00fczenlenen cenaze t\u00f6renine \u0130l Sa\u011fl\u0131k M\u00fcd\u00fcr\u00fc Dr. Eser \u015eenkul, Destek Hizmetleri Ba\u015fkan\u0131 \u00d6mer Faruk Sa\u011flam, Nazilli Devlet Hastanesi y\u00f6netimi, Nazilli Devlet Hastanesi hekimleri, personelleri ve vatanda\u015flar kat\u0131ld\u0131. Doktor Ayd\u0131n\u2019\u0131n cenazesi k\u0131l\u0131nan cenaze namaz\u0131 sonras\u0131 al\u0131nan helalli\u011fin ard\u0131ndan Haydere Mahalle Mezarl\u0131\u011f\u0131\u2019na defnedildi.<br \/><\/p>\n","protected":false},"excerpt":{"rendered":"<p>Ayd\u0131n\u2019\u0131n Nazilli il\u00e7esinde g\u00f6rev yapan ve ge\u00e7irdi\u011fi ani rahats\u0131zl\u0131k sonucu hayat\u0131n\u0131 kaybeden Uzman Doktor \u0130smail Ayd\u0131n son yolculu\u011funa u\u011furland\u0131. Nazilli Devlet Hastanesi\u2019nde T\u0131bbi Mikrobiyoloji Uzman\u0131 olarak g\u00f6rev yapan ve ge\u00e7irdi\u011fi ani rahats\u0131zl\u0131k dolay\u0131s\u0131yla hayat\u0131n\u0131 kaybeden Uzm. Dr. \u0130smail Ayd\u0131n i\u00e7in cenaze t\u00f6reni d\u00fczenlendi. Bozdo\u011fan\u2019\u0131n Haydere Mahallesinde d\u00fczenlenen cenaze t\u00f6renine \u0130l Sa\u011fl\u0131k M\u00fcd\u00fcr\u00fc Dr. Eser \u015eenkul,&#8230;<\/p>\n","protected":false},"author":1,"featured_media":43320,"comment_status":"open","ping_status":"open","sticky":false,"template":"","format":"standard","meta":{"_crdt_document":"","footnotes":""},"categories":[1],"tags":[],"class_list":["post-43319","post","type-post","status-publish","format-standard","has-post-thumbnail","hentry","category-guncel"],"_links":{"self":[{"href":"https:\/\/www.egemtv.com\/index.php?rest_route=\/wp\/v2\/posts\/43319","targetHints":{"allow":["GET"]}}],"collection":[{"href":"https:\/\/www.egemtv.com\/index.php?rest_route=\/wp\/v2\/posts"}],"about":[{"href":"https:\/\/www.egemtv.com\/index.php?rest_route=\/wp\/v2\/types\/post"}],"author":[{"embeddable":true,"href":"https:\/\/www.egemtv.com\/index.php?rest_route=\/wp\/v2\/users\/1"}],"replies":[{"embeddable":true,"href":"https:\/\/www.egemtv.com\/index.php?rest_route=%2Fwp%2Fv2%2Fcomments&post=43319"}],"version-history":[{"count":1,"href":"https:\/\/www.egemtv.com\/index.php?rest_route=\/wp\/v2\/posts\/43319\/revisions"}],"predecessor-version":[{"id":43321,"href":"https:\/\/www.egemtv.com\/index.php?rest_route=\/wp\/v2\/posts\/43319\/revisions\/43321"}],"wp:featuredmedia":[{"embeddable":true,"href":"https:\/\/www.egemtv.com\/index.php?rest_route=\/wp\/v2\/media\/43320"}],"wp:attachment":[{"href":"https:\/\/www.egemtv.com\/index.php?rest_route=%2Fwp%2Fv2%2Fmedia&parent=43319"}],"wp:term":[{"taxonomy":"category","embeddable":true,"href":"https:\/\/www.egemtv.com\/index.php?rest_route=%2Fwp%2Fv2%2Fcategories&post=43319"},{"taxonomy":"post_tag","embeddable":true,"href":"https:\/\/www.egemtv.com\/index.php?rest_route=%2Fwp%2Fv2%2Ftags&post=43319"}],"curies":[{"name":"wp","href":"https:\/\/api.w.org\/{rel}","templated":true}]}}