{"id":43316,"date":"2025-07-20T16:15:31","date_gmt":"2025-07-20T13:15:31","guid":{"rendered":"https:\/\/www.egemtv.com\/?p=43316"},"modified":"2025-07-20T16:15:33","modified_gmt":"2025-07-20T13:15:33","slug":"cumhurbaskanligi-uluslararasi-yat-yarislarinin-kibris-etabi-marmaristen-start-aldi","status":"publish","type":"post","link":"https:\/\/www.egemtv.com\/?p=43316","title":{"rendered":"Cumhurba\u015fkanl\u0131\u011f\u0131 Uluslararas\u0131 Yat Yar\u0131\u015flar\u0131\u2019n\u0131n K\u0131br\u0131s etab\u0131 Marmaris\u2019ten start ald\u0131"},"content":{"rendered":"<p>Cumhurba\u015fkanl\u0131\u011f\u0131 himayelerinde d\u00fczenlenen 6. Uluslararas\u0131 Yat Yar\u0131\u015flar\u0131\u2019n\u0131n K\u0131br\u0131s etab\u0131, Mu\u011fla\u2019n\u0131n turistik il\u00e7esi Marmaris K\u00f6rfezi\u2019nde verilen startla ba\u015flad\u0131. Yar\u0131\u015f, K\u0131br\u0131s Bar\u0131\u015f Harekat\u0131\u2019n\u0131n 51. y\u0131l d\u00f6n\u00fcm\u00fcn\u00fc anmak, bar\u0131\u015f ve \u00f6zg\u00fcrl\u00fck mesaj\u0131n\u0131 denizlere ta\u015f\u0131mak amac\u0131yla bu y\u0131l ilk kez Marmaris\u2019ten, K\u0131br\u0131s\u2019a uzanan \u00f6zel bir rota ile ger\u00e7ekle\u015fiyor.<br \/>\n<br \/>Yar\u0131\u015f\u0131n ikinci etab\u0131nda 150 sporcu ve 15 ekip, 340 deniz millik zorlu bir parkurda Karpaz Gate Marina\u2019ya ula\u015fmak i\u00e7in m\u00fccadele edecek. R\u00fczgar\u0131n ve denizin izin verdi\u011fi ko\u015fullarda en az \u00fc\u00e7 g\u00fcn s\u00fcrecek bu m\u00fccadele, Marmaris\u2019ten ba\u015flayan ilk do\u011frudan K\u0131br\u0131s rotal\u0131 yat yar\u0131\u015f\u0131 olma \u00f6zelli\u011fini ta\u015f\u0131yor.<br \/>\n<br \/>K\u00fclt\u00fcr ve Turizm Bakanl\u0131\u011f\u0131 ile Gen\u00e7lik ve Spor Bakanl\u0131\u011f\u0131\u2019n\u0131n katk\u0131lar\u0131, T\u00fcrkiye Turizm Tan\u0131t\u0131m ve Geli\u015ftirme Ajans\u0131 (TGA) i\u015f birli\u011fi ve DHL Express ana sponsorlu\u011funda ger\u00e7ekle\u015ftirilen organizasyon, \u0130stanbul A\u00e7\u0131k Deniz Yat Yar\u0131\u015f Kul\u00fcb\u00fc taraf\u0131ndan koordine ediliyor.<br \/>\n<br \/>Start t\u00f6reni, Marmaris K\u00f6rfezi\u2019nde Ark\u0131n Group\u2019a ait teknede yap\u0131ld\u0131. Marmaris Kaymakam\u0131 Nurullah Kaya, G\u00fcney Deniz Saha Komutan\u0131 T\u00fcmamiral Rafet Oktar, Aksaz Deniz \u00dcs Komutan\u0131 Tu\u011famiral Neslim Eski, Sahil G\u00fcvenlik G\u00fcney Ege Grup Komutan\u0131 S.G Yarbay Ak\u0131n Co\u015fkunlar ve Ark\u0131n Group Y\u00f6netim Kurulu Ba\u015fkan\u0131 Erbil Ark\u0131n, \u0130l ve \u0130l\u00e7e Gen\u00e7lik ve Spor M\u00fcd\u00fcrl\u00fc\u011f\u00fc yetkilileri, yar\u0131\u015fa kat\u0131lan tekneleri u\u011furlad\u0131. Kaymakam Kaya, telsiz anonsuyla t\u00fcm ekiplere ba\u015far\u0131lar dileyerek, &#8220;R\u00fczgar\u0131n\u0131z bol, deniziniz sakin olsun&#8221; mesaj\u0131n\u0131 verdi.<\/p>\n<p>&#8220;\u00dc\u00e7 g\u00fcn s\u00fcrecek kesintisiz m\u00fccadele&#8221;<br \/>\n<br \/>\u0130stanbul A\u00e7\u0131k Deniz Yat Yar\u0131\u015f Kul\u00fcb\u00fc Ba\u015fkan\u0131 Ekrem Yemlihao\u011flu, &#8220;\u015eu anda e\u015fsiz bir co\u011frafyaday\u0131z. 150\u2019ye yak\u0131n sporcu, 340 millik parkurda m\u00fccadele ediyor. Bu y\u0131l bir ilki ger\u00e7ekle\u015ftiriyoruz. Kas\u0131m ay\u0131nda yine ayn\u0131 rotada bir yar\u0131\u015f daha planl\u0131yoruz. Yaln\u0131zca denizde de\u011fil, yelken sporuyla T\u00fcrkiye\u2019nin d\u00f6rt bir yan\u0131nda bayra\u011f\u0131m\u0131z\u0131 dalgaland\u0131rmaya devam edece\u011fiz&#8221; dedi. Yemlihao\u011flu, kas\u0131m ay\u0131nda d\u00fczenlenecek olan ayn\u0131 rota yar\u0131\u015f\u0131n ilk m\u00fcjdesini de verdi\u011fini belirtti.<br \/>\n<br \/>Parkurun teknik detaylar\u0131n\u0131 yar\u0131\u015f\u0131n sportif direkt\u00f6r\u00fc Engin Yuvakta\u015f, &#8220;Bu bizim i\u00e7in \u00e7ok \u00f6zel bir rota. Tekneler Marmaris\u2019ten start alarak durmaks\u0131z\u0131n \u00fc\u00e7 g\u00fcn boyunca K\u0131br\u0131s\u2019a kadar yar\u0131\u015facak. Yar\u0131\u015f\u0131n en zorlu noktalar\u0131ndan biri, teknelerin Anamur a\u00e7\u0131klar\u0131ndaki ge\u00e7i\u015f kap\u0131s\u0131ndan d\u00f6nmeleri olacak. R\u00fczgar y\u00f6n\u00fc ve deniz ak\u0131nt\u0131lar\u0131na g\u00f6re bu b\u00f6l\u00fcm sporcular i\u00e7in b\u00fcy\u00fck stratejik \u00f6nem ta\u015f\u0131yor&#8221;  \u015feklinde konu\u015ftu.<br \/>\n<br \/>Ark\u0131n Group Y\u00f6netim Kurulu Ba\u015fkan\u0131 Erbil Ark\u0131n ise yar\u0131\u015fa katk\u0131 sunmaktan duydu\u011fu memnuniyeti, &#8220;Cumhurba\u015fkanl\u0131\u011f\u0131 Kupas\u0131 bizim i\u00e7in b\u00fcy\u00fck bir gurur. Bu yar\u0131\u015f\u0131 bir ba\u015flang\u0131\u00e7 olarak g\u00f6r\u00fcyoruz. Komutanlar\u0131m\u0131z\u0131n burada olmas\u0131 bizim i\u00e7in onur verici. K\u0131br\u0131s\u2019taki fini\u015f noktas\u0131na kadar yar\u0131\u015f\u00e7\u0131lar\u0131 takip edece\u011fiz. Onlar\u0131 kar\u015f\u0131lamak da en az u\u011furlamak kadar anlaml\u0131 olacak&#8221; s\u00f6zleri ile dile getirdi.<\/p>\n<p>\u00d6zel kupa verilecek<br \/>\n<br \/>Etap sonunda birincili\u011fi elde eden ekibe, bu y\u0131l ilk kez \u00f6zel bir kupa verilecek. Kupay\u0131 Ark\u0131n Yarat\u0131c\u0131 Sanatlar ve Tasar\u0131m \u00dcniversitesi G\u00fczel Sanatlar Fak\u00fcltesi \u00f6\u011frencileri tasarlad\u0131. Bu y\u00f6n\u00fcyle yar\u0131\u015f, sanat ile sporun bulu\u015ftu\u011fu bir platforma da d\u00f6n\u00fc\u015f\u00fcrken, 4 g\u00fcn s\u00fcrmesi beklenen yar\u0131\u015f\u0131n ard\u0131ndan kazananlara kupalar\u0131, 25 Temmuz\u2019da K\u0131br\u0131s\u2019ta Ark\u0131n Karpaz Gate Marina\u2019da d\u00fczenlenecek t\u00f6renle takdim edilecek.<br \/><\/p>\n","protected":false},"excerpt":{"rendered":"<p>Cumhurba\u015fkanl\u0131\u011f\u0131 himayelerinde d\u00fczenlenen 6. Uluslararas\u0131 Yat Yar\u0131\u015flar\u0131\u2019n\u0131n K\u0131br\u0131s etab\u0131, Mu\u011fla\u2019n\u0131n turistik il\u00e7esi Marmaris K\u00f6rfezi\u2019nde verilen startla ba\u015flad\u0131. Yar\u0131\u015f, K\u0131br\u0131s Bar\u0131\u015f Harekat\u0131\u2019n\u0131n 51. y\u0131l d\u00f6n\u00fcm\u00fcn\u00fc anmak, bar\u0131\u015f ve \u00f6zg\u00fcrl\u00fck mesaj\u0131n\u0131 denizlere ta\u015f\u0131mak amac\u0131yla bu y\u0131l ilk kez Marmaris\u2019ten, K\u0131br\u0131s\u2019a uzanan \u00f6zel bir rota ile ger\u00e7ekle\u015fiyor. Yar\u0131\u015f\u0131n ikinci etab\u0131nda 150 sporcu ve 15 ekip, 340 deniz millik&#8230;<\/p>\n","protected":false},"author":1,"featured_media":43317,"comment_status":"open","ping_status":"open","sticky":false,"template":"","format":"standard","meta":{"_crdt_document":"","footnotes":""},"categories":[4],"tags":[],"class_list":["post-43316","post","type-post","status-publish","format-standard","has-post-thumbnail","hentry","category-spor"],"_links":{"self":[{"href":"https:\/\/www.egemtv.com\/index.php?rest_route=\/wp\/v2\/posts\/43316","targetHints":{"allow":["GET"]}}],"collection":[{"href":"https:\/\/www.egemtv.com\/index.php?rest_route=\/wp\/v2\/posts"}],"about":[{"href":"https:\/\/www.egemtv.com\/index.php?rest_route=\/wp\/v2\/types\/post"}],"author":[{"embeddable":true,"href":"https:\/\/www.egemtv.com\/index.php?rest_route=\/wp\/v2\/users\/1"}],"replies":[{"embeddable":true,"href":"https:\/\/www.egemtv.com\/index.php?rest_route=%2Fwp%2Fv2%2Fcomments&post=43316"}],"version-history":[{"count":1,"href":"https:\/\/www.egemtv.com\/index.php?rest_route=\/wp\/v2\/posts\/43316\/revisions"}],"predecessor-version":[{"id":43318,"href":"https:\/\/www.egemtv.com\/index.php?rest_route=\/wp\/v2\/posts\/43316\/revisions\/43318"}],"wp:featuredmedia":[{"embeddable":true,"href":"https:\/\/www.egemtv.com\/index.php?rest_route=\/wp\/v2\/media\/43317"}],"wp:attachment":[{"href":"https:\/\/www.egemtv.com\/index.php?rest_route=%2Fwp%2Fv2%2Fmedia&parent=43316"}],"wp:term":[{"taxonomy":"category","embeddable":true,"href":"https:\/\/www.egemtv.com\/index.php?rest_route=%2Fwp%2Fv2%2Fcategories&post=43316"},{"taxonomy":"post_tag","embeddable":true,"href":"https:\/\/www.egemtv.com\/index.php?rest_route=%2Fwp%2Fv2%2Ftags&post=43316"}],"curies":[{"name":"wp","href":"https:\/\/api.w.org\/{rel}","templated":true}]}}