{"id":43313,"date":"2025-07-20T15:37:18","date_gmt":"2025-07-20T12:37:18","guid":{"rendered":"https:\/\/www.egemtv.com\/?p=43313"},"modified":"2025-07-20T15:37:21","modified_gmt":"2025-07-20T12:37:21","slug":"milli-parkta-hafta-sonu-yogunlugu","status":"publish","type":"post","link":"https:\/\/www.egemtv.com\/?p=43313","title":{"rendered":"Milli parkta hafta sonu yo\u011funlu\u011fu"},"content":{"rendered":"<p>Ayd\u0131n\u2019\u0131n Ku\u015fadas\u0131 il\u00e7esinde bulunan Dilek Yar\u0131madas\u0131 B\u00fcy\u00fck Menderes Deltas\u0131 Milli Park\u0131, hafta sonunu de\u011ferlendirmek isteyen tatilcilerin ak\u0131n\u0131na u\u011frad\u0131. \u00d6zellikle pazar g\u00fcn\u00fc milli parkta yo\u011funluk ya\u015fan\u0131rken, erken saatlerde parka gelen vatanda\u015flar do\u011fa ile i\u00e7 i\u00e7e bir g\u00fcn ge\u00e7irdi.<\/p>\n<p>Sabah\u0131n erken saatlerinden itibaren milli parka giri\u015f yapan tatilciler, tertemiz koylarda denize girerek serinledi. \u0130\u00e7meler, Ayd\u0131nl\u0131k ve Kavakl\u0131burun koylar\u0131nda \u015fezlonglar sabah saatlerinde dolarken, baz\u0131 tatilciler ise kamp sandalyeleriyle sahilde vakit ge\u00e7irdi. G\u00fcn\u00fcbirlik ziyaret\u00e7ilerin yan\u0131 s\u0131ra \u00e7evre illerden gelen tatilciler de denizin ve do\u011fan\u0131n keyfini \u00e7\u0131kard\u0131. Kimileri arkada\u015flar\u0131yla sabah kahvalt\u0131s\u0131n\u0131 sahilde yaparken, kimileri ise g\u00fcn boyu deniz keyfi yapt\u0131. Baz\u0131 tatilciler ise g\u00fcn\u00fcbirlik tur tekneleri ile koylar\u0131 gezdi.<br \/><\/p>\n","protected":false},"excerpt":{"rendered":"<p>Ayd\u0131n\u2019\u0131n Ku\u015fadas\u0131 il\u00e7esinde bulunan Dilek Yar\u0131madas\u0131 B\u00fcy\u00fck Menderes Deltas\u0131 Milli Park\u0131, hafta sonunu de\u011ferlendirmek isteyen tatilcilerin ak\u0131n\u0131na u\u011frad\u0131. \u00d6zellikle pazar g\u00fcn\u00fc milli parkta yo\u011funluk ya\u015fan\u0131rken, erken saatlerde parka gelen vatanda\u015flar do\u011fa ile i\u00e7 i\u00e7e bir g\u00fcn ge\u00e7irdi. Sabah\u0131n erken saatlerinden itibaren milli parka giri\u015f yapan tatilciler, tertemiz koylarda denize girerek serinledi. \u0130\u00e7meler, Ayd\u0131nl\u0131k ve Kavakl\u0131burun&#8230;<\/p>\n","protected":false},"author":1,"featured_media":43314,"comment_status":"open","ping_status":"open","sticky":false,"template":"","format":"standard","meta":{"_crdt_document":"","footnotes":""},"categories":[1],"tags":[],"class_list":["post-43313","post","type-post","status-publish","format-standard","has-post-thumbnail","hentry","category-guncel"],"_links":{"self":[{"href":"https:\/\/www.egemtv.com\/index.php?rest_route=\/wp\/v2\/posts\/43313","targetHints":{"allow":["GET"]}}],"collection":[{"href":"https:\/\/www.egemtv.com\/index.php?rest_route=\/wp\/v2\/posts"}],"about":[{"href":"https:\/\/www.egemtv.com\/index.php?rest_route=\/wp\/v2\/types\/post"}],"author":[{"embeddable":true,"href":"https:\/\/www.egemtv.com\/index.php?rest_route=\/wp\/v2\/users\/1"}],"replies":[{"embeddable":true,"href":"https:\/\/www.egemtv.com\/index.php?rest_route=%2Fwp%2Fv2%2Fcomments&post=43313"}],"version-history":[{"count":1,"href":"https:\/\/www.egemtv.com\/index.php?rest_route=\/wp\/v2\/posts\/43313\/revisions"}],"predecessor-version":[{"id":43315,"href":"https:\/\/www.egemtv.com\/index.php?rest_route=\/wp\/v2\/posts\/43313\/revisions\/43315"}],"wp:featuredmedia":[{"embeddable":true,"href":"https:\/\/www.egemtv.com\/index.php?rest_route=\/wp\/v2\/media\/43314"}],"wp:attachment":[{"href":"https:\/\/www.egemtv.com\/index.php?rest_route=%2Fwp%2Fv2%2Fmedia&parent=43313"}],"wp:term":[{"taxonomy":"category","embeddable":true,"href":"https:\/\/www.egemtv.com\/index.php?rest_route=%2Fwp%2Fv2%2Fcategories&post=43313"},{"taxonomy":"post_tag","embeddable":true,"href":"https:\/\/www.egemtv.com\/index.php?rest_route=%2Fwp%2Fv2%2Ftags&post=43313"}],"curies":[{"name":"wp","href":"https:\/\/api.w.org\/{rel}","templated":true}]}}