{"id":43310,"date":"2025-07-20T15:37:16","date_gmt":"2025-07-20T12:37:16","guid":{"rendered":"https:\/\/www.egemtv.com\/?p=43310"},"modified":"2025-07-20T15:37:18","modified_gmt":"2025-07-20T12:37:18","slug":"unlu-sanatcinin-menajeri-chpli-belediyeleri-ozgur-ozele-sikayet-etti","status":"publish","type":"post","link":"https:\/\/www.egemtv.com\/?p=43310","title":{"rendered":"\u00dcnl\u00fc sanat\u00e7\u0131n\u0131n menajeri CHP\u2019li belediyeleri \u00d6zg\u00fcr \u00d6zel\u2019e \u015fikayet etti"},"content":{"rendered":"<p>Denizli\u2019de CHP\u2019li B\u00fcy\u00fck\u015fehir ve Serinhisar belediyeleri taraf\u0131ndan ma\u011fdur edildiklerini iddia eden \u00fcnl\u00fc sanat\u00e7\u0131 G\u00fclden Arslan\u2019\u0131n menajeri, CHP Genel Ba\u015fkan\u0131 \u00d6zg\u00fcr \u00d6zel\u2019e &#8220;\u015eu an 2 tane CHP\u2019li belediyeniz, tehditler savuran organizat\u00f6r\u00fc bizim ba\u015f\u0131m\u0131za bela etmi\u015fken, siz ne yapmay\u0131 d\u00fc\u015f\u00fcn\u00fcyorsunuz&#8221; s\u00f6zleriyle seslendi.<br \/>\n<br \/>CHP\u2019li Denizli B\u00fcy\u00fck\u015fehir Belediyesi ve Serinhisar Belediyesi taraf\u0131ndan organize edilen 27. Yata\u011fan B\u0131\u00e7ak\u00e7\u0131l\u0131k Festivali ve Kefe Yaylas\u0131 \u015eenlikleri, t\u0131pk\u0131 ge\u00e7ti\u011fimiz aylarda iptal edilen Rus K\u0131z\u0131lordu Korosu konseri gibi sanat\u00e7\u0131larla ya\u015fanan yeni bir krize sahne oldu. Konsere saatler kala etkili olan ya\u011f\u0131\u015f sebebiyle G\u00fclden Arslan\u2019\u0131n konseri iptal edildi. G\u00fcn\u00fcbirlik program i\u00e7in Denizli\u2019ye gelen sanat\u00e7\u0131 ve ekibi, iptalin ard\u0131ndan organizat\u00f6r taraf\u0131ndan tehdit edildiklerini \u00f6ne s\u00fcrd\u00fc. Sorumluluklar\u0131n\u0131 yerine getirmelerine ra\u011fmen \u00fccretlerini alamad\u0131klar\u0131n\u0131, oteldeki masraflar\u0131 dahi kendileri \u00f6demek zorunda kald\u0131klar\u0131n\u0131 anlatan ekip, kendilerini ma\u011fdur eden CHP\u2019li iki belediyeyi CHP Genel Ba\u015fkan\u0131 \u00d6zg\u00fcr \u00d6zel\u2019e \u015fikayet etti.<\/p>\n<p>&#8220;Denizli\u2019den kovulduk&#8221;<br \/>\n<br \/>\u00c7ok b\u00fcy\u00fck bir ma\u011fduriyet ya\u015fad\u0131klar\u0131n\u0131 ifade eden sanat\u00e7\u0131 G\u00fclden Arslan\u2019\u0131n koordinat\u00f6r\u00fc \u0130zzet Ba\u015flak, gece yar\u0131s\u0131 olmas\u0131na ra\u011fmen otelden \u00e7\u0131kamad\u0131klar\u0131n\u0131 ifade ederek, &#8220;Denizli B\u00fcy\u00fck\u015fehir Belediyesi ve Serinhisar Belediyesi taraf\u0131ndan d\u00fczenlenen festivalin organizasyonu O.T.\u00dc.\u2019ye verilmi\u015f. Biz G\u00fclden han\u0131m\u0131n 18 Temmuz\u2019da Kefe Yaylas\u0131\u2019ndaki festivalde sahne almas\u0131 i\u00e7in Denizli\u2019ye geldik. G\u00fclden Han\u0131m ve b\u00fct\u00fcn ekibimizle birlikte halen oteldeyiz. Sabah 06.35 u\u00e7a\u011f\u0131yla Denizli\u2019ye gelip otele giri\u015f yapt\u0131k, \u015fuan saat gece 01.00\u2019e geliyor ve biz halen oteldeyiz. Organizasyon firmas\u0131, alanda ya\u011fmura kar\u015f\u0131 hi\u00e7bir \u00f6nlem almam\u0131\u015f. Serinhisar Belediye Ba\u015fkan\u0131 Osman K\u0131l\u0131\u00e7 ve belediye ba\u015fkan\u0131n\u0131n yan\u0131ndayken sahnede mikrofonla konu\u015fmaya ba\u015flayan O.T.\u00dc., bize tehditler savurmaya ba\u015flad\u0131. \u2018Ben size 5 kuru\u015f vermem, sahneye \u00e7\u0131kmayan sanat\u00e7\u0131n\u0131n zarar\u0131n\u0131 ve hi\u00e7bir \u015feyini kar\u0131\u015flamam. Ne haliniz varsa g\u00f6r\u00fcn\u2019 demeye ba\u015flad\u0131. Ondan sonra i\u015fi daha da ileriye g\u00f6t\u00fcrerek, \u2018Siz neredesiniz. Kald\u0131\u011f\u0131n\u0131z otele geliyorum. Gelince size \u015f\u00f6yle b\u00f6yle yapaca\u011f\u0131m\u2019 diye tehditler savurmaya ba\u015flad\u0131&#8221; dedi.<\/p>\n<p>&#8220;Kendileri \u00f6demeyecekse yiyecek i\u00e7ecek vermeyin&#8221;<br \/>\n<br \/>Sorumluluklar\u0131n\u0131 yerine getirmelerine ra\u011fmen \u00fccretlerini alamad\u0131klar\u0131n\u0131 hatta oteldeki masraflar\u0131n\u0131 dahi \u00f6demek zorunda b\u0131rak\u0131ld\u0131klar\u0131n\u0131 \u00f6ne s\u00fcren Ba\u015flak, &#8220;Biz buraya kadar geldik, \u00fczerimize d\u00fc\u015fen her \u015feyi yapt\u0131k. \u00dcst\u00fcne tehdit ediliyoruz, Denizli\u2019den kovulmaya \u00e7al\u0131\u015f\u0131l\u0131yoruz. \u2018Bir \u015fekilde buradan gitsinler de, ne \u015fekilde giderlerse gitsinler\u2019 \u015feklinde bir muameleyle kar\u015f\u0131 kar\u015f\u0131yay\u0131z. Az \u00f6nce G\u00fclden Han\u0131m\u0131n karn\u0131 a\u00e7\u0131kt\u0131 ve bir tane \u00e7orba istedi. \u00c7al\u0131\u015fanlardan, \u2018Organizat\u00f6r bize telefon etti, onlar\u0131n yedi\u011fi i\u00e7ti\u011fi hi\u00e7bir \u015feyi \u00f6demiyorum. Kendileri \u00f6d\u00fcyorsa verin, onun haricinde yiyecek i\u00e7ecek bir \u015fey vermeyin\u2019 \u015feklinde cevap ald\u0131k. \u015euan bizi otelden havaalan\u0131na g\u00f6t\u00fcrmesi i\u00e7in tahsis edilmi\u015f arac\u0131 dahi iptal etmeye \u00e7al\u0131\u015f\u0131yorlar. Geldi\u011fimiz nokta bu&#8221; \u015feklinde konu\u015ftu.<\/p>\n<p>CHP\u2019li belediyeleri Genel Ba\u015fkan \u00d6zel\u2019e \u015fikayet etti<br \/>\n<br \/>&#8220;Denizli B\u00fcy\u00fck\u015fehir Belediyesi ve Serinhisar Belediyesi sorunu \u00e7\u00f6zmeye \u00e7al\u0131\u015ft\u0131klar\u0131n\u0131 s\u00f6yl\u00fcyorlar ama asl\u0131nda bir \u015fekilde i\u015fin i\u00e7erisinden s\u0131yr\u0131lmaya bak\u0131yorlar&#8221; diyen Ba\u015flak, CHP Genel Ba\u015fkan\u0131 \u00d6zel\u2019e \u015fu s\u00f6zlerle seslendi:<br \/>\n<br \/>&#8220;Bu iki belediye de CHP\u2019li belediye olduklar\u0131 i\u00e7in ben buradan CHP Genel Ba\u015fkan\u0131 \u00d6zg\u00fcr \u00d6zel\u2019e sesleniyorum. Say\u0131n \u00d6zel, \u015fu an 2 tane CHP\u2019li belediyeniz, bir organizat\u00f6rle anla\u015fm\u0131\u015f durumda. Bizi asl\u0131nda buraya getirip misafir olarak a\u011f\u0131rlamalar\u0131 gerekirken, \u015fu anda bizi akl\u0131n\u0131z\u0131n alamayaca\u011f\u0131 kadar ma\u011fdur etmi\u015f ve \u00fczerine tehditler savuran bir organizat\u00f6re kar\u015f\u0131 yaln\u0131z b\u0131rakm\u0131\u015f durumdalar. \u015eu ana kadar ne Denizli B\u00fcy\u00fck\u015fehir Belediyesinden ne Serinhisar Belediyesinden ne de organizasyondan hi\u00e7bir kimse gelip \u2018siz sabahtan beri buradas\u0131n\u0131z, bir ihtiyac\u0131n\u0131z var m\u0131\u2019 diyerek sormad\u0131. Saatlerdir buraday\u0131z ve bir \u015fekilde zorlamayla tehditlerle buradan g\u00f6nderilmeye \u00e7al\u0131\u015f\u0131l\u0131yoruz. Say\u0131n \u00d6zel, iki tane CHP\u2019li belediye, bu organizat\u00f6r\u00fc bizim ba\u015f\u0131m\u0131za bela etmi\u015fken siz ne yapmay\u0131 d\u00fc\u015f\u00fcn\u00fcyorsunuz? E\u011fer bir \u015fey yapacak iseniz, derhal yapman\u0131z\u0131 rica ederim.&#8221;<br \/><\/p>\n","protected":false},"excerpt":{"rendered":"<p>Denizli\u2019de CHP\u2019li B\u00fcy\u00fck\u015fehir ve Serinhisar belediyeleri taraf\u0131ndan ma\u011fdur edildiklerini iddia eden \u00fcnl\u00fc sanat\u00e7\u0131 G\u00fclden Arslan\u2019\u0131n menajeri, CHP Genel Ba\u015fkan\u0131 \u00d6zg\u00fcr \u00d6zel\u2019e &#8220;\u015eu an 2 tane CHP\u2019li belediyeniz, tehditler savuran organizat\u00f6r\u00fc bizim ba\u015f\u0131m\u0131za bela etmi\u015fken, siz ne yapmay\u0131 d\u00fc\u015f\u00fcn\u00fcyorsunuz&#8221; s\u00f6zleriyle seslendi. CHP\u2019li Denizli B\u00fcy\u00fck\u015fehir Belediyesi ve Serinhisar Belediyesi taraf\u0131ndan organize edilen 27. Yata\u011fan B\u0131\u00e7ak\u00e7\u0131l\u0131k Festivali ve&#8230;<\/p>\n","protected":false},"author":1,"featured_media":43311,"comment_status":"open","ping_status":"open","sticky":false,"template":"","format":"standard","meta":{"_crdt_document":"","footnotes":""},"categories":[1],"tags":[],"class_list":["post-43310","post","type-post","status-publish","format-standard","has-post-thumbnail","hentry","category-guncel"],"_links":{"self":[{"href":"https:\/\/www.egemtv.com\/index.php?rest_route=\/wp\/v2\/posts\/43310","targetHints":{"allow":["GET"]}}],"collection":[{"href":"https:\/\/www.egemtv.com\/index.php?rest_route=\/wp\/v2\/posts"}],"about":[{"href":"https:\/\/www.egemtv.com\/index.php?rest_route=\/wp\/v2\/types\/post"}],"author":[{"embeddable":true,"href":"https:\/\/www.egemtv.com\/index.php?rest_route=\/wp\/v2\/users\/1"}],"replies":[{"embeddable":true,"href":"https:\/\/www.egemtv.com\/index.php?rest_route=%2Fwp%2Fv2%2Fcomments&post=43310"}],"version-history":[{"count":1,"href":"https:\/\/www.egemtv.com\/index.php?rest_route=\/wp\/v2\/posts\/43310\/revisions"}],"predecessor-version":[{"id":43312,"href":"https:\/\/www.egemtv.com\/index.php?rest_route=\/wp\/v2\/posts\/43310\/revisions\/43312"}],"wp:featuredmedia":[{"embeddable":true,"href":"https:\/\/www.egemtv.com\/index.php?rest_route=\/wp\/v2\/media\/43311"}],"wp:attachment":[{"href":"https:\/\/www.egemtv.com\/index.php?rest_route=%2Fwp%2Fv2%2Fmedia&parent=43310"}],"wp:term":[{"taxonomy":"category","embeddable":true,"href":"https:\/\/www.egemtv.com\/index.php?rest_route=%2Fwp%2Fv2%2Fcategories&post=43310"},{"taxonomy":"post_tag","embeddable":true,"href":"https:\/\/www.egemtv.com\/index.php?rest_route=%2Fwp%2Fv2%2Ftags&post=43310"}],"curies":[{"name":"wp","href":"https:\/\/api.w.org\/{rel}","templated":true}]}}