{"id":43307,"date":"2025-07-20T14:15:14","date_gmt":"2025-07-20T11:15:14","guid":{"rendered":"https:\/\/www.egemtv.com\/?p=43307"},"modified":"2025-07-20T14:15:17","modified_gmt":"2025-07-20T11:15:17","slug":"motor-yatta-rahatsizlanan-vatandasa-tibbi-tahliye","status":"publish","type":"post","link":"https:\/\/www.egemtv.com\/?p=43307","title":{"rendered":"Motor yatta rahats\u0131zlanan vatanda\u015fa t\u0131bbi tahliye"},"content":{"rendered":"<p>Mu\u011fla\u2019n\u0131n Fethiye il\u00e7esi a\u00e7\u0131klar\u0131nda seyreden motor yatta rahats\u0131zlanan vatanda\u015f Sahil G\u00fcvenlik ekiphleri taraf\u0131ndan t\u0131bbi tahliyesi ger\u00e7ekle\u015ftirildi.<br \/>\n<br \/>Fethiye il\u00e7esi a\u00e7\u0131klar\u0131nda seyreden motor yatta rahats\u0131zlanan vatanda\u015f i\u00e7in yard\u0131m \u00e7a\u011fr\u0131s\u0131 yap\u0131ld\u0131. Yap\u0131lan yard\u0131m \u00e7a\u011fr\u0131s\u0131 \u00fczerine b\u00f6lgeye sevk eadilen Sahil G\u00fcvenlik botu, rahats\u0131zlanan vatanda\u015f\u0131 bota alarak 112 ambulans ekiplerine teslim etti.<br \/><\/p>\n","protected":false},"excerpt":{"rendered":"<p>Mu\u011fla\u2019n\u0131n Fethiye il\u00e7esi a\u00e7\u0131klar\u0131nda seyreden motor yatta rahats\u0131zlanan vatanda\u015f Sahil G\u00fcvenlik ekiphleri taraf\u0131ndan t\u0131bbi tahliyesi ger\u00e7ekle\u015ftirildi. Fethiye il\u00e7esi a\u00e7\u0131klar\u0131nda seyreden motor yatta rahats\u0131zlanan vatanda\u015f i\u00e7in yard\u0131m \u00e7a\u011fr\u0131s\u0131 yap\u0131ld\u0131. Yap\u0131lan yard\u0131m \u00e7a\u011fr\u0131s\u0131 \u00fczerine b\u00f6lgeye sevk eadilen Sahil G\u00fcvenlik botu, rahats\u0131zlanan vatanda\u015f\u0131 bota alarak 112 ambulans ekiplerine teslim etti.<\/p>\n","protected":false},"author":1,"featured_media":43308,"comment_status":"open","ping_status":"open","sticky":false,"template":"","format":"standard","meta":{"_crdt_document":"","footnotes":""},"categories":[2],"tags":[],"class_list":["post-43307","post","type-post","status-publish","format-standard","has-post-thumbnail","hentry","category-saglik"],"_links":{"self":[{"href":"https:\/\/www.egemtv.com\/index.php?rest_route=\/wp\/v2\/posts\/43307","targetHints":{"allow":["GET"]}}],"collection":[{"href":"https:\/\/www.egemtv.com\/index.php?rest_route=\/wp\/v2\/posts"}],"about":[{"href":"https:\/\/www.egemtv.com\/index.php?rest_route=\/wp\/v2\/types\/post"}],"author":[{"embeddable":true,"href":"https:\/\/www.egemtv.com\/index.php?rest_route=\/wp\/v2\/users\/1"}],"replies":[{"embeddable":true,"href":"https:\/\/www.egemtv.com\/index.php?rest_route=%2Fwp%2Fv2%2Fcomments&post=43307"}],"version-history":[{"count":1,"href":"https:\/\/www.egemtv.com\/index.php?rest_route=\/wp\/v2\/posts\/43307\/revisions"}],"predecessor-version":[{"id":43309,"href":"https:\/\/www.egemtv.com\/index.php?rest_route=\/wp\/v2\/posts\/43307\/revisions\/43309"}],"wp:featuredmedia":[{"embeddable":true,"href":"https:\/\/www.egemtv.com\/index.php?rest_route=\/wp\/v2\/media\/43308"}],"wp:attachment":[{"href":"https:\/\/www.egemtv.com\/index.php?rest_route=%2Fwp%2Fv2%2Fmedia&parent=43307"}],"wp:term":[{"taxonomy":"category","embeddable":true,"href":"https:\/\/www.egemtv.com\/index.php?rest_route=%2Fwp%2Fv2%2Fcategories&post=43307"},{"taxonomy":"post_tag","embeddable":true,"href":"https:\/\/www.egemtv.com\/index.php?rest_route=%2Fwp%2Fv2%2Ftags&post=43307"}],"curies":[{"name":"wp","href":"https:\/\/api.w.org\/{rel}","templated":true}]}}