{"id":43304,"date":"2025-07-20T14:15:09","date_gmt":"2025-07-20T11:15:09","guid":{"rendered":"https:\/\/www.egemtv.com\/?p=43304"},"modified":"2025-07-20T14:15:14","modified_gmt":"2025-07-20T11:15:14","slug":"makine-arizasi-nedeniyle-suruklenen-tekne-kurtarildi","status":"publish","type":"post","link":"https:\/\/www.egemtv.com\/?p=43304","title":{"rendered":"Makine ar\u0131zas\u0131 nedeniyle s\u00fcr\u00fcklenen tekne kurtar\u0131ld\u0131"},"content":{"rendered":"<p>Mu\u011fla\u2019n\u0131n Fethiye il\u00e7esi a\u00e7\u0131klar\u0131nda i\u00e7erisinde 4 ki\u015fi bulunan tekne makine araz\u0131 yapmas\u0131 sonras\u0131 K\u0131y\u0131 Emniyet Genel M\u00fcd\u00fcrl\u00fc\u011f\u00fc ekipleri taraf\u0131ndan kurtar\u0131ld\u0131.<br \/>\n<br \/>Fethiye \u00f6nlerinde makine ar\u0131zas\u0131 nedeniyle s\u00fcr\u00fcklenen ve i\u00e7erisinde 4 ki\u015fi bulunan 4 metre boyundaki tekne, K\u0131y\u0131 Emniyet Genel m\u00fcd\u00fcrl\u00fc\u011f\u00fc\u2019ne ba\u011fl\u0131 TAHL\u0130S\u0130YE-5 botuna yedeklenerek Fethiye Liman\u0131\u2019na emniyetle yana\u015ft\u0131r\u0131ld\u0131.<br \/><\/p>\n","protected":false},"excerpt":{"rendered":"<p>Mu\u011fla\u2019n\u0131n Fethiye il\u00e7esi a\u00e7\u0131klar\u0131nda i\u00e7erisinde 4 ki\u015fi bulunan tekne makine araz\u0131 yapmas\u0131 sonras\u0131 K\u0131y\u0131 Emniyet Genel M\u00fcd\u00fcrl\u00fc\u011f\u00fc ekipleri taraf\u0131ndan kurtar\u0131ld\u0131. Fethiye \u00f6nlerinde makine ar\u0131zas\u0131 nedeniyle s\u00fcr\u00fcklenen ve i\u00e7erisinde 4 ki\u015fi bulunan 4 metre boyundaki tekne, K\u0131y\u0131 Emniyet Genel m\u00fcd\u00fcrl\u00fc\u011f\u00fc\u2019ne ba\u011fl\u0131 TAHL\u0130S\u0130YE-5 botuna yedeklenerek Fethiye Liman\u0131\u2019na emniyetle yana\u015ft\u0131r\u0131ld\u0131.<\/p>\n","protected":false},"author":1,"featured_media":43305,"comment_status":"open","ping_status":"open","sticky":false,"template":"","format":"standard","meta":{"_crdt_document":"","footnotes":""},"categories":[5],"tags":[],"class_list":["post-43304","post","type-post","status-publish","format-standard","has-post-thumbnail","hentry","category-asayis"],"_links":{"self":[{"href":"https:\/\/www.egemtv.com\/index.php?rest_route=\/wp\/v2\/posts\/43304","targetHints":{"allow":["GET"]}}],"collection":[{"href":"https:\/\/www.egemtv.com\/index.php?rest_route=\/wp\/v2\/posts"}],"about":[{"href":"https:\/\/www.egemtv.com\/index.php?rest_route=\/wp\/v2\/types\/post"}],"author":[{"embeddable":true,"href":"https:\/\/www.egemtv.com\/index.php?rest_route=\/wp\/v2\/users\/1"}],"replies":[{"embeddable":true,"href":"https:\/\/www.egemtv.com\/index.php?rest_route=%2Fwp%2Fv2%2Fcomments&post=43304"}],"version-history":[{"count":1,"href":"https:\/\/www.egemtv.com\/index.php?rest_route=\/wp\/v2\/posts\/43304\/revisions"}],"predecessor-version":[{"id":43306,"href":"https:\/\/www.egemtv.com\/index.php?rest_route=\/wp\/v2\/posts\/43304\/revisions\/43306"}],"wp:featuredmedia":[{"embeddable":true,"href":"https:\/\/www.egemtv.com\/index.php?rest_route=\/wp\/v2\/media\/43305"}],"wp:attachment":[{"href":"https:\/\/www.egemtv.com\/index.php?rest_route=%2Fwp%2Fv2%2Fmedia&parent=43304"}],"wp:term":[{"taxonomy":"category","embeddable":true,"href":"https:\/\/www.egemtv.com\/index.php?rest_route=%2Fwp%2Fv2%2Fcategories&post=43304"},{"taxonomy":"post_tag","embeddable":true,"href":"https:\/\/www.egemtv.com\/index.php?rest_route=%2Fwp%2Fv2%2Ftags&post=43304"}],"curies":[{"name":"wp","href":"https:\/\/api.w.org\/{rel}","templated":true}]}}