{"id":43301,"date":"2025-07-20T14:15:06","date_gmt":"2025-07-20T11:15:06","guid":{"rendered":"https:\/\/www.egemtv.com\/?p=43301"},"modified":"2025-07-20T14:15:09","modified_gmt":"2025-07-20T11:15:09","slug":"afyonkarahisarda-sicak-asfalt-yuklu-tir-devrildi","status":"publish","type":"post","link":"https:\/\/www.egemtv.com\/?p=43301","title":{"rendered":"Afyonkarahisar\u2019da s\u0131cak asfalt y\u00fckl\u00fc t\u0131r devrildi"},"content":{"rendered":"<p>Afyonkarahisar\u2019\u0131n Sultanda\u011f\u0131 il\u00e7esinde kontrolden \u00e7\u0131kan s\u0131cak asfalt y\u00fckl\u00fc t\u0131r yol ortas\u0131na devrilirken, olayda bir ki\u015fi yaraland\u0131.<br \/>\n<br \/>Edinilen bilgilere g\u00f6re, M.\u015e.\u0130. idaresindeki 33 BED 07 plakal\u0131 t\u0131r \u015fof\u00f6r\u00fcn\u00fcn direksiyon hakimiyetini kaybetmesi sonucu kontrolden \u00e7\u0131karak devrildi. Kazada hafif yaralanan s\u00fcr\u00fcc\u00fc, olay yerine sevk edilen ambulansla Bolvadin Devlet Hastanesi\u2019ne kald\u0131r\u0131ld\u0131. Yaral\u0131n\u0131n sa\u011fl\u0131k durumunun iyi oldu\u011fu \u00f6\u011frenildi. Kaza nedeniyle b\u00f6lgeye trafik ekipleri ve jandarma sevk edildi. Kazadan dolay\u0131 karayolunda bir s\u00fcre trafik tek y\u00f6nl\u00fc olarak ilerledi. Temizlik \u00e7al\u0131\u015fmas\u0131n\u0131n ard\u0131ndan karayolunda trafik normal ak\u0131\u015f\u0131na d\u00f6nd\u00fc.<br \/>\n<br \/>Kazayla ilgili inceleme ba\u015flat\u0131ld\u0131.<br \/><\/p>\n","protected":false},"excerpt":{"rendered":"<p>Afyonkarahisar\u2019\u0131n Sultanda\u011f\u0131 il\u00e7esinde kontrolden \u00e7\u0131kan s\u0131cak asfalt y\u00fckl\u00fc t\u0131r yol ortas\u0131na devrilirken, olayda bir ki\u015fi yaraland\u0131. Edinilen bilgilere g\u00f6re, M.\u015e.\u0130. idaresindeki 33 BED 07 plakal\u0131 t\u0131r \u015fof\u00f6r\u00fcn\u00fcn direksiyon hakimiyetini kaybetmesi sonucu kontrolden \u00e7\u0131karak devrildi. Kazada hafif yaralanan s\u00fcr\u00fcc\u00fc, olay yerine sevk edilen ambulansla Bolvadin Devlet Hastanesi\u2019ne kald\u0131r\u0131ld\u0131. Yaral\u0131n\u0131n sa\u011fl\u0131k durumunun iyi oldu\u011fu \u00f6\u011frenildi. Kaza nedeniyle&#8230;<\/p>\n","protected":false},"author":1,"featured_media":43302,"comment_status":"open","ping_status":"open","sticky":false,"template":"","format":"standard","meta":{"_crdt_document":"","footnotes":""},"categories":[5],"tags":[],"class_list":["post-43301","post","type-post","status-publish","format-standard","has-post-thumbnail","hentry","category-asayis"],"_links":{"self":[{"href":"https:\/\/www.egemtv.com\/index.php?rest_route=\/wp\/v2\/posts\/43301","targetHints":{"allow":["GET"]}}],"collection":[{"href":"https:\/\/www.egemtv.com\/index.php?rest_route=\/wp\/v2\/posts"}],"about":[{"href":"https:\/\/www.egemtv.com\/index.php?rest_route=\/wp\/v2\/types\/post"}],"author":[{"embeddable":true,"href":"https:\/\/www.egemtv.com\/index.php?rest_route=\/wp\/v2\/users\/1"}],"replies":[{"embeddable":true,"href":"https:\/\/www.egemtv.com\/index.php?rest_route=%2Fwp%2Fv2%2Fcomments&post=43301"}],"version-history":[{"count":1,"href":"https:\/\/www.egemtv.com\/index.php?rest_route=\/wp\/v2\/posts\/43301\/revisions"}],"predecessor-version":[{"id":43303,"href":"https:\/\/www.egemtv.com\/index.php?rest_route=\/wp\/v2\/posts\/43301\/revisions\/43303"}],"wp:featuredmedia":[{"embeddable":true,"href":"https:\/\/www.egemtv.com\/index.php?rest_route=\/wp\/v2\/media\/43302"}],"wp:attachment":[{"href":"https:\/\/www.egemtv.com\/index.php?rest_route=%2Fwp%2Fv2%2Fmedia&parent=43301"}],"wp:term":[{"taxonomy":"category","embeddable":true,"href":"https:\/\/www.egemtv.com\/index.php?rest_route=%2Fwp%2Fv2%2Fcategories&post=43301"},{"taxonomy":"post_tag","embeddable":true,"href":"https:\/\/www.egemtv.com\/index.php?rest_route=%2Fwp%2Fv2%2Ftags&post=43301"}],"curies":[{"name":"wp","href":"https:\/\/api.w.org\/{rel}","templated":true}]}}