{"id":43298,"date":"2025-07-20T13:55:07","date_gmt":"2025-07-20T10:55:07","guid":{"rendered":"https:\/\/www.egemtv.com\/?p=43298"},"modified":"2025-07-20T13:55:11","modified_gmt":"2025-07-20T10:55:11","slug":"12-yil-6-ay-hapis-cezasi-bulunan-sahis-yakalandi","status":"publish","type":"post","link":"https:\/\/www.egemtv.com\/?p=43298","title":{"rendered":"12 y\u0131l 6 ay hapis cezas\u0131 bulunan \u015fah\u0131s yakaland\u0131"},"content":{"rendered":"<p>Mu\u011fla \u0130l Jandarma Komutanl\u0131\u011f\u0131nca aranan \u015fah\u0131slar\u0131n yakalanmas\u0131na y\u00f6nelik yap\u0131lan \u00e7al\u0131\u015fmalar sonucu, hakk\u0131nda; \u2018Uyu\u015fturucu veya uyar\u0131c\u0131 madde ticareti yapma veya sa\u011flama\u2019 su\u00e7undan 12 y\u0131l, 6 ay kesinle\u015fmi\u015f hapis cezas\u0131 ile yakalama karar\u0131 bulunan 24 ya\u015f\u0131ndaki H.\u00c7. Milas \u0130l\u00e7esi \u00d6ren Mahallesinde yap\u0131lan operasyon ile yakaland\u0131.<br \/>\n<br \/>Yakalanan H.\u00c7. \u00e7\u0131kar\u0131ld\u0131\u011f\u0131 adli makamlarca tutuklanarak cezaevine teslim edildi.<br \/><\/p>\n","protected":false},"excerpt":{"rendered":"<p>Mu\u011fla \u0130l Jandarma Komutanl\u0131\u011f\u0131nca aranan \u015fah\u0131slar\u0131n yakalanmas\u0131na y\u00f6nelik yap\u0131lan \u00e7al\u0131\u015fmalar sonucu, hakk\u0131nda; \u2018Uyu\u015fturucu veya uyar\u0131c\u0131 madde ticareti yapma veya sa\u011flama\u2019 su\u00e7undan 12 y\u0131l, 6 ay kesinle\u015fmi\u015f hapis cezas\u0131 ile yakalama karar\u0131 bulunan 24 ya\u015f\u0131ndaki H.\u00c7. Milas \u0130l\u00e7esi \u00d6ren Mahallesinde yap\u0131lan operasyon ile yakaland\u0131. Yakalanan H.\u00c7. \u00e7\u0131kar\u0131ld\u0131\u011f\u0131 adli makamlarca tutuklanarak cezaevine teslim edildi.<\/p>\n","protected":false},"author":1,"featured_media":43299,"comment_status":"open","ping_status":"open","sticky":false,"template":"","format":"standard","meta":{"_crdt_document":"","footnotes":""},"categories":[5],"tags":[],"class_list":["post-43298","post","type-post","status-publish","format-standard","has-post-thumbnail","hentry","category-asayis"],"_links":{"self":[{"href":"https:\/\/www.egemtv.com\/index.php?rest_route=\/wp\/v2\/posts\/43298","targetHints":{"allow":["GET"]}}],"collection":[{"href":"https:\/\/www.egemtv.com\/index.php?rest_route=\/wp\/v2\/posts"}],"about":[{"href":"https:\/\/www.egemtv.com\/index.php?rest_route=\/wp\/v2\/types\/post"}],"author":[{"embeddable":true,"href":"https:\/\/www.egemtv.com\/index.php?rest_route=\/wp\/v2\/users\/1"}],"replies":[{"embeddable":true,"href":"https:\/\/www.egemtv.com\/index.php?rest_route=%2Fwp%2Fv2%2Fcomments&post=43298"}],"version-history":[{"count":1,"href":"https:\/\/www.egemtv.com\/index.php?rest_route=\/wp\/v2\/posts\/43298\/revisions"}],"predecessor-version":[{"id":43300,"href":"https:\/\/www.egemtv.com\/index.php?rest_route=\/wp\/v2\/posts\/43298\/revisions\/43300"}],"wp:featuredmedia":[{"embeddable":true,"href":"https:\/\/www.egemtv.com\/index.php?rest_route=\/wp\/v2\/media\/43299"}],"wp:attachment":[{"href":"https:\/\/www.egemtv.com\/index.php?rest_route=%2Fwp%2Fv2%2Fmedia&parent=43298"}],"wp:term":[{"taxonomy":"category","embeddable":true,"href":"https:\/\/www.egemtv.com\/index.php?rest_route=%2Fwp%2Fv2%2Fcategories&post=43298"},{"taxonomy":"post_tag","embeddable":true,"href":"https:\/\/www.egemtv.com\/index.php?rest_route=%2Fwp%2Fv2%2Ftags&post=43298"}],"curies":[{"name":"wp","href":"https:\/\/api.w.org\/{rel}","templated":true}]}}