{"id":43295,"date":"2025-07-20T13:55:05","date_gmt":"2025-07-20T10:55:05","guid":{"rendered":"https:\/\/www.egemtv.com\/?p=43295"},"modified":"2025-07-20T13:55:07","modified_gmt":"2025-07-20T10:55:07","slug":"manisada-ayakkabi-hirsizi-guvenlik-kamerasina-yakalandi","status":"publish","type":"post","link":"https:\/\/www.egemtv.com\/?p=43295","title":{"rendered":"Manisa\u2019da ayakkab\u0131 h\u0131rs\u0131z\u0131 g\u00fcvenlik kameras\u0131na yakaland\u0131"},"content":{"rendered":"<p>Manisa\u2019da bir apartmanda ya\u015fanan ayakkab\u0131 h\u0131rs\u0131zl\u0131\u011f\u0131, g\u00fcvenlik kameras\u0131 taraf\u0131ndan saniye saniye kaydedildi. Gece yar\u0131s\u0131 meydana gelen olayda, h\u0131rs\u0131z\u0131n rahat tav\u0131rlar\u0131 dikkat \u00e7ekti.<br \/>\n<br \/>Olay Manisa\u2019n\u0131n \u015eehzadeler il\u00e7esinde meydana geldi. Edinilen bilgiye g\u00f6re, kimli\u011fi hen\u00fcz belirlenemeyen bir \u00e7ocuk apartman\u0131n giri\u015f kap\u0131s\u0131na yakla\u015ft\u0131ktan sonra kap\u0131n\u0131n a\u00e7\u0131k oldu\u011funu fark edip i\u00e7eri girdi. G\u00fcvenlik kameralar\u0131 taraf\u0131ndan saniye saniye g\u00f6r\u00fcnt\u00fclenen h\u0131rs\u0131zl\u0131k olay\u0131nda rahat tav\u0131rlarla apartmana girip ayakkab\u0131lar\u0131 inceledi\u011fi ve be\u011fendi\u011fi bir \u00e7ift ayakkab\u0131y\u0131 alarak elini kolunu sallayarak d\u0131\u015far\u0131 \u00e7\u0131kt\u0131\u011f\u0131 g\u00f6r\u00fcld\u00fc.<br \/>\n<br \/>Sabah saatlerinde ayakkab\u0131lar\u0131n\u0131n yerinde olmad\u0131\u011f\u0131n\u0131 fark eden apartman sakini daha sonra g\u00fcvenlik kameralar\u0131n\u0131 inceledi. G\u00f6r\u00fcnt\u00fclerde, h\u0131rs\u0131z\u0131n kap\u0131ya \u00f6nce hafif\u00e7e dokundu\u011fu, kap\u0131n\u0131n zaten a\u00e7\u0131k oldu\u011funu g\u00f6r\u00fcnce hi\u00e7 teredd\u00fct etmeden i\u00e7eri girdi\u011fi ve birka\u00e7 dakika boyunca ayakkab\u0131lar aras\u0131nda se\u00e7im yapt\u0131\u011f\u0131 a\u00e7\u0131k\u00e7a g\u00f6r\u00fcl\u00fcyor. Olay\u0131n ard\u0131ndan h\u0131rs\u0131zl\u0131k ma\u011fduru aile, Manisa Emniyet M\u00fcd\u00fcrl\u00fc\u011f\u00fc\u2019ne giderek \u015fik\u00e2yet\u00e7i olacaklar\u0131n\u0131 belirtti.<br \/><\/p>\n","protected":false},"excerpt":{"rendered":"<p>Manisa\u2019da bir apartmanda ya\u015fanan ayakkab\u0131 h\u0131rs\u0131zl\u0131\u011f\u0131, g\u00fcvenlik kameras\u0131 taraf\u0131ndan saniye saniye kaydedildi. Gece yar\u0131s\u0131 meydana gelen olayda, h\u0131rs\u0131z\u0131n rahat tav\u0131rlar\u0131 dikkat \u00e7ekti. Olay Manisa\u2019n\u0131n \u015eehzadeler il\u00e7esinde meydana geldi. Edinilen bilgiye g\u00f6re, kimli\u011fi hen\u00fcz belirlenemeyen bir \u00e7ocuk apartman\u0131n giri\u015f kap\u0131s\u0131na yakla\u015ft\u0131ktan sonra kap\u0131n\u0131n a\u00e7\u0131k oldu\u011funu fark edip i\u00e7eri girdi. G\u00fcvenlik kameralar\u0131 taraf\u0131ndan saniye saniye g\u00f6r\u00fcnt\u00fclenen h\u0131rs\u0131zl\u0131k&#8230;<\/p>\n","protected":false},"author":1,"featured_media":43296,"comment_status":"open","ping_status":"open","sticky":false,"template":"","format":"standard","meta":{"_crdt_document":"","footnotes":""},"categories":[5],"tags":[],"class_list":["post-43295","post","type-post","status-publish","format-standard","has-post-thumbnail","hentry","category-asayis"],"_links":{"self":[{"href":"https:\/\/www.egemtv.com\/index.php?rest_route=\/wp\/v2\/posts\/43295","targetHints":{"allow":["GET"]}}],"collection":[{"href":"https:\/\/www.egemtv.com\/index.php?rest_route=\/wp\/v2\/posts"}],"about":[{"href":"https:\/\/www.egemtv.com\/index.php?rest_route=\/wp\/v2\/types\/post"}],"author":[{"embeddable":true,"href":"https:\/\/www.egemtv.com\/index.php?rest_route=\/wp\/v2\/users\/1"}],"replies":[{"embeddable":true,"href":"https:\/\/www.egemtv.com\/index.php?rest_route=%2Fwp%2Fv2%2Fcomments&post=43295"}],"version-history":[{"count":1,"href":"https:\/\/www.egemtv.com\/index.php?rest_route=\/wp\/v2\/posts\/43295\/revisions"}],"predecessor-version":[{"id":43297,"href":"https:\/\/www.egemtv.com\/index.php?rest_route=\/wp\/v2\/posts\/43295\/revisions\/43297"}],"wp:featuredmedia":[{"embeddable":true,"href":"https:\/\/www.egemtv.com\/index.php?rest_route=\/wp\/v2\/media\/43296"}],"wp:attachment":[{"href":"https:\/\/www.egemtv.com\/index.php?rest_route=%2Fwp%2Fv2%2Fmedia&parent=43295"}],"wp:term":[{"taxonomy":"category","embeddable":true,"href":"https:\/\/www.egemtv.com\/index.php?rest_route=%2Fwp%2Fv2%2Fcategories&post=43295"},{"taxonomy":"post_tag","embeddable":true,"href":"https:\/\/www.egemtv.com\/index.php?rest_route=%2Fwp%2Fv2%2Ftags&post=43295"}],"curies":[{"name":"wp","href":"https:\/\/api.w.org\/{rel}","templated":true}]}}