{"id":43292,"date":"2025-07-20T13:55:02","date_gmt":"2025-07-20T10:55:02","guid":{"rendered":"https:\/\/www.egemtv.com\/?p=43292"},"modified":"2025-07-20T13:55:05","modified_gmt":"2025-07-20T10:55:05","slug":"datcada-uyusturucu-ticaretinden-kesinlesmis-hapis-cezasi-bulunan-sahis-yakalandi","status":"publish","type":"post","link":"https:\/\/www.egemtv.com\/?p=43292","title":{"rendered":"Dat\u00e7a\u2019da uyu\u015fturucu ticaretinden kesinle\u015fmi\u015f hapis cezas\u0131 bulunan \u015fah\u0131s yakaland\u0131"},"content":{"rendered":"<p>Dat\u00e7a il\u00e7esinde uyu\u015fturucu madde ticareti yapma ve sa\u011flama su\u00e7undan kesinle\u015fmi\u015f hapis cezas\u0131 bulunan 24 ya\u015f\u0131ndaki M.S., jandarman\u0131n operasyonu ile yakaland\u0131.<br \/>\n<br \/>Mu\u011fla \u0130l Jandarma Komutanl\u0131\u011f\u0131nca aranan \u015fah\u0131slar\u0131n yakalanmas\u0131na y\u00f6nelik yap\u0131lan \u00e7al\u0131\u015fmalar sonucu, hakk\u0131nda; \u2018Uyu\u015fturucu veya uyar\u0131c\u0131 madde ticareti yapma veya sa\u011flama\u2019 su\u00e7undan 15 y\u0131l, 7 ay, 15 g\u00fcn kesinle\u015fmi\u015f hapis cezas\u0131 ile yakalama karar\u0131 bulunan M.S., Dat\u00e7a \u0130l\u00e7esi K\u0131zlan Mahallesinde yap\u0131lan operasyon ile yakaland\u0131.<br \/>\n<br \/>Yakalanan M.S., \u00e7\u0131kar\u0131ld\u0131klar\u0131 adli makamlarca tutuklanarak cezaevine teslim edildi.<br \/><\/p>\n","protected":false},"excerpt":{"rendered":"<p>Dat\u00e7a il\u00e7esinde uyu\u015fturucu madde ticareti yapma ve sa\u011flama su\u00e7undan kesinle\u015fmi\u015f hapis cezas\u0131 bulunan 24 ya\u015f\u0131ndaki M.S., jandarman\u0131n operasyonu ile yakaland\u0131. Mu\u011fla \u0130l Jandarma Komutanl\u0131\u011f\u0131nca aranan \u015fah\u0131slar\u0131n yakalanmas\u0131na y\u00f6nelik yap\u0131lan \u00e7al\u0131\u015fmalar sonucu, hakk\u0131nda; \u2018Uyu\u015fturucu veya uyar\u0131c\u0131 madde ticareti yapma veya sa\u011flama\u2019 su\u00e7undan 15 y\u0131l, 7 ay, 15 g\u00fcn kesinle\u015fmi\u015f hapis cezas\u0131 ile yakalama karar\u0131 bulunan M.S.,&#8230;<\/p>\n","protected":false},"author":1,"featured_media":43293,"comment_status":"open","ping_status":"open","sticky":false,"template":"","format":"standard","meta":{"_crdt_document":"","footnotes":""},"categories":[5],"tags":[],"class_list":["post-43292","post","type-post","status-publish","format-standard","has-post-thumbnail","hentry","category-asayis"],"_links":{"self":[{"href":"https:\/\/www.egemtv.com\/index.php?rest_route=\/wp\/v2\/posts\/43292","targetHints":{"allow":["GET"]}}],"collection":[{"href":"https:\/\/www.egemtv.com\/index.php?rest_route=\/wp\/v2\/posts"}],"about":[{"href":"https:\/\/www.egemtv.com\/index.php?rest_route=\/wp\/v2\/types\/post"}],"author":[{"embeddable":true,"href":"https:\/\/www.egemtv.com\/index.php?rest_route=\/wp\/v2\/users\/1"}],"replies":[{"embeddable":true,"href":"https:\/\/www.egemtv.com\/index.php?rest_route=%2Fwp%2Fv2%2Fcomments&post=43292"}],"version-history":[{"count":1,"href":"https:\/\/www.egemtv.com\/index.php?rest_route=\/wp\/v2\/posts\/43292\/revisions"}],"predecessor-version":[{"id":43294,"href":"https:\/\/www.egemtv.com\/index.php?rest_route=\/wp\/v2\/posts\/43292\/revisions\/43294"}],"wp:featuredmedia":[{"embeddable":true,"href":"https:\/\/www.egemtv.com\/index.php?rest_route=\/wp\/v2\/media\/43293"}],"wp:attachment":[{"href":"https:\/\/www.egemtv.com\/index.php?rest_route=%2Fwp%2Fv2%2Fmedia&parent=43292"}],"wp:term":[{"taxonomy":"category","embeddable":true,"href":"https:\/\/www.egemtv.com\/index.php?rest_route=%2Fwp%2Fv2%2Fcategories&post=43292"},{"taxonomy":"post_tag","embeddable":true,"href":"https:\/\/www.egemtv.com\/index.php?rest_route=%2Fwp%2Fv2%2Ftags&post=43292"}],"curies":[{"name":"wp","href":"https:\/\/api.w.org\/{rel}","templated":true}]}}