{"id":43289,"date":"2025-07-20T13:36:29","date_gmt":"2025-07-20T10:36:29","guid":{"rendered":"https:\/\/www.egemtv.com\/?p=43289"},"modified":"2025-07-20T13:36:30","modified_gmt":"2025-07-20T10:36:30","slug":"350-milyon-metrekup-depolama-hacmine-sahip-adnan-menderes-barajinda-doluluk-seviyesi-yuzde-12ye-dustu","status":"publish","type":"post","link":"https:\/\/www.egemtv.com\/?p=43289","title":{"rendered":"350 milyon metrek\u00fcp depolama hacmine sahip Adnan Menderes Baraj\u0131\u2019nda doluluk seviyesi y\u00fczde 12\u2019ye d\u00fc\u015ft\u00fc"},"content":{"rendered":"<p>Kurakl\u0131\u011f\u0131n her ge\u00e7en g\u00fcn etkisini hissettirdi\u011fi Ayd\u0131n\u2019da barajlardaki su seviyesi endi\u015felendirmeye ba\u015flad\u0131. Ge\u00e7ti\u011fimiz y\u0131llarda \u00c7ine, Ayd\u0131n, Ko\u00e7arl\u0131 ve S\u00f6ke Ovas\u0131\u2019n\u0131 besleyen Adnan Menderes Baraj\u0131\u2019nda su seviyesi baraj tarihinin en d\u00fc\u015f\u00fck seviyesine d\u00fc\u015ft\u00fc. Baraj i\u00e7erisinde sular\u0131n \u00e7ekilmesi nedeniyle adac\u0131klar olu\u015furken, yetkililer gerek kullanma gerekse tar\u0131msal sulamalarda suyun tasarruflu kullan\u0131lmas\u0131n\u0131 istedi.<br \/>\n<br \/>\u00d6nemli tar\u0131m kentlerinden biri olan Ayd\u0131n\u2019da \u00e7ift\u00e7ilerin can damar\u0131 olan barajlar\u0131n doluluk seviyeleri a\u00e7\u0131kland\u0131. \u00c7ift\u00e7i say\u0131s\u0131 y\u00fcksek olan illerin ba\u015f\u0131nda gelen Ayd\u0131n\u2019da 414 milyon metrek\u00fcp depolama hacmi olan Kemer Baraj\u0131\u2019nda doluluk oran\u0131 y\u00fczde 24, 350 milyon metrek\u00fcp depolama hacmi olan \u00c7ine Adnan Menderes Baraj\u0131\u2019nda doluluk oran\u0131 y\u00fczde 12, 14 milyon metrek\u00fcp depolama hacmi olan G\u00f6kbel Baraj\u0131\u2019nda doluluk oran\u0131 y\u00fczde 57, 195 milyon metrek\u00fcp depolama hacmi olan \u0130kizdere Baraj\u0131\u2019nda doluluk oran\u0131 y\u00fczde 17, 95 milyon metrek\u00fcp depolama hacmi olan Top\u00e7am Baraj\u0131\u2019nda doluluk oran\u0131 y\u00fczde 26, 30 milyon metrek\u00fcp depolama hacmi olan Karpuzlu-Yaylakavak Baraj\u0131\u2019nda doluluk oran\u0131 y\u00fczde 44, 22 milyon metrek\u00fcp depolama hacmi olan Karacasu Baraj\u0131\u2019nda doluluk oran\u0131 y\u00fczde 53, 1 milyar 32 milyon metrek\u00fcp depolama hacmi olan Ad\u0131g\u00fczel Baraj\u0131\u2019nda doluluk oran\u0131 y\u00fczde 9 olarak a\u00e7\u0131kland\u0131.<br \/>\n<br \/>Silindirle s\u0131k\u0131\u015ft\u0131r\u0131lm\u0131\u015f beton y\u00f6ntemiyle in\u015fa edilen 136.5 metre y\u00fcksekli\u011fi ile hizmete a\u00e7\u0131ld\u0131\u011f\u0131 d\u00f6nemde T\u00fcrkiye\u2019nin ve Avrupa\u2019n\u0131n 1\u2019inci, d\u00fcnyan\u0131n ise 5\u2019inci b\u00fcy\u00fck baraj\u0131 olma \u00f6zelli\u011fine sahip \u00c7ine Adnan Menderes Baraj\u0131, sulama, ta\u015fk\u0131n koruma ve enerji \u00fcretim maksatl\u0131 in\u015fa edilmi\u015fti. \u00c7ine Ovas\u0131\u2019nda 6 bin 279 hektar, Ko\u00e7arl\u0131 Ovas\u0131\u2019nda 13 bin 79 hektar, S\u00f6ke Ovas\u0131\u2019nda 3 bin hektar olmak \u00fczere toplam 22 bin 358 hektar araziyi sulayacak, ayr\u0131ca 10 bin hektar araziyi de ta\u015fk\u0131ndan korumas\u0131 ama\u00e7lanan \u00c7ine Adnan Menderes Baraj\u0131\u2019nda su seviyesi y\u00fczde 12\u2019ye d\u00fc\u015ft\u00fc.<br \/><\/p>\n","protected":false},"excerpt":{"rendered":"<p>Kurakl\u0131\u011f\u0131n her ge\u00e7en g\u00fcn etkisini hissettirdi\u011fi Ayd\u0131n\u2019da barajlardaki su seviyesi endi\u015felendirmeye ba\u015flad\u0131. Ge\u00e7ti\u011fimiz y\u0131llarda \u00c7ine, Ayd\u0131n, Ko\u00e7arl\u0131 ve S\u00f6ke Ovas\u0131\u2019n\u0131 besleyen Adnan Menderes Baraj\u0131\u2019nda su seviyesi baraj tarihinin en d\u00fc\u015f\u00fck seviyesine d\u00fc\u015ft\u00fc. Baraj i\u00e7erisinde sular\u0131n \u00e7ekilmesi nedeniyle adac\u0131klar olu\u015furken, yetkililer gerek kullanma gerekse tar\u0131msal sulamalarda suyun tasarruflu kullan\u0131lmas\u0131n\u0131 istedi. \u00d6nemli tar\u0131m kentlerinden biri olan Ayd\u0131n\u2019da&#8230;<\/p>\n","protected":false},"author":1,"featured_media":43290,"comment_status":"open","ping_status":"open","sticky":false,"template":"","format":"standard","meta":{"_crdt_document":"","footnotes":""},"categories":[1],"tags":[],"class_list":["post-43289","post","type-post","status-publish","format-standard","has-post-thumbnail","hentry","category-guncel"],"_links":{"self":[{"href":"https:\/\/www.egemtv.com\/index.php?rest_route=\/wp\/v2\/posts\/43289","targetHints":{"allow":["GET"]}}],"collection":[{"href":"https:\/\/www.egemtv.com\/index.php?rest_route=\/wp\/v2\/posts"}],"about":[{"href":"https:\/\/www.egemtv.com\/index.php?rest_route=\/wp\/v2\/types\/post"}],"author":[{"embeddable":true,"href":"https:\/\/www.egemtv.com\/index.php?rest_route=\/wp\/v2\/users\/1"}],"replies":[{"embeddable":true,"href":"https:\/\/www.egemtv.com\/index.php?rest_route=%2Fwp%2Fv2%2Fcomments&post=43289"}],"version-history":[{"count":1,"href":"https:\/\/www.egemtv.com\/index.php?rest_route=\/wp\/v2\/posts\/43289\/revisions"}],"predecessor-version":[{"id":43291,"href":"https:\/\/www.egemtv.com\/index.php?rest_route=\/wp\/v2\/posts\/43289\/revisions\/43291"}],"wp:featuredmedia":[{"embeddable":true,"href":"https:\/\/www.egemtv.com\/index.php?rest_route=\/wp\/v2\/media\/43290"}],"wp:attachment":[{"href":"https:\/\/www.egemtv.com\/index.php?rest_route=%2Fwp%2Fv2%2Fmedia&parent=43289"}],"wp:term":[{"taxonomy":"category","embeddable":true,"href":"https:\/\/www.egemtv.com\/index.php?rest_route=%2Fwp%2Fv2%2Fcategories&post=43289"},{"taxonomy":"post_tag","embeddable":true,"href":"https:\/\/www.egemtv.com\/index.php?rest_route=%2Fwp%2Fv2%2Ftags&post=43289"}],"curies":[{"name":"wp","href":"https:\/\/api.w.org\/{rel}","templated":true}]}}