{"id":43286,"date":"2025-07-20T13:36:26","date_gmt":"2025-07-20T10:36:26","guid":{"rendered":"https:\/\/www.egemtv.com\/?p=43286"},"modified":"2025-07-20T13:36:29","modified_gmt":"2025-07-20T10:36:29","slug":"turkiyede-nadir-uygulanan-yontemle-hayata-tutundu","status":"publish","type":"post","link":"https:\/\/www.egemtv.com\/?p=43286","title":{"rendered":"T\u00fcrkiye\u2019de nadir uygulanan y\u00f6ntemle hayata tutundu"},"content":{"rendered":"<p>Safra yolu t\u0131kan\u0131kl\u0131\u011f\u0131 bulunan \u00d6mer \u00d6zkan, \u0130zmir Ekonomi \u00dcniversitesi Medical Point Hastanesi\u2019nde T\u00fcrkiye\u2019de nadir uygulanan manyetik kompresyon y\u00f6ntemiyle hayata tutundu.<br \/>\n<br \/>\u0130zmir\u2019de ya\u015fayan 64 ya\u015f\u0131ndaki \u00d6mer \u00d6zkan, 2019 y\u0131l\u0131nda ge\u00e7irdi\u011fi canl\u0131 vericili karaci\u011fer nakli sonras\u0131nda sessizce ilerleyen ciddi bir komplikasyonla kar\u015f\u0131 kar\u015f\u0131ya kald\u0131. Nakilden y\u0131llar sonra safra yollar\u0131nda geli\u015fen t\u0131kan\u0131kl\u0131k \u00d6zkan\u2019\u0131n hayat\u0131n\u0131 tehdit eder duruma gelmeye ba\u015flad\u0131. Ancak T\u00fcrkiye\u2019de \u00e7ok az say\u0131da merkezde uygulanan yenilik\u00e7i bir y\u00f6ntem sayesinde \u00d6mer \u00d6zkan, \u0130zmir Ekonomi \u00dcniversitesi Medical Point Hastanesi ge\u00e7irdi\u011fi ba\u015far\u0131l\u0131 ameliyat ile hayata tekrar tutundu. \u00d6mer \u00d6zkan\u2019\u0131n ger\u00e7ek anlamda tam bir meydan okuma hastas\u0131 oldu\u011funu belirten \u0130zmir Medical Point Hastanesi T\u0131bbi Direkt\u00f6r\u00fc ve Giri\u015fimsel Radyoloji Uzman\u0131 Prof. Dr. Ahmet Memi\u015f, &#8220;Hayati tehlike olu\u015fturacak derecede ciddi ve kompleks bir hastayd\u0131. Bu kadar zor bir hastan\u0131n klasik y\u00f6ntemlerle tedavi edilmesinin m\u00fcmk\u00fcn olmad\u0131\u011f\u0131n\u0131 bilerek, klasik yakla\u015f\u0131mlar\u0131n tamamen d\u0131\u015f\u0131nda bir y\u00f6ntem uyguland\u0131. D\u00fcnyada yaln\u0131zca \u00e7ok az ileri geli\u015fmi\u015f merkezde uygulanabilen, m\u0131knat\u0131s kullan\u0131larak hem endoskopik hem de giri\u015fimsel perk\u00fctan i\u015flemlerin hibrit olarak bir arada kullan\u0131ld\u0131\u011f\u0131 bir y\u00f6ntem tercih edildi. Bu hastada kullan\u0131lan t\u00fcm materyaller mikro teknolojik malzemelerdi. Mikro teknolojik materyaller sayesinde arkada\u015flar\u0131m\u0131z, \u00e7ok zor bir hastada b\u00fcy\u00fck bir ba\u015far\u0131 elde ettiler. En b\u00fcy\u00fck hayalimiz, gelecekteki bu yak\u0131n d\u00f6nemde, nanoteknolojik nanorobotlar\u0131 ileri d\u00fczey h\u00fccre cerrahisi alan\u0131nda kullanabilir hale gelmek. Bug\u00fcn ger\u00e7ekle\u015ftirdi\u011fimiz bu tedavi, i\u015fte bu hayale giden yolda at\u0131lm\u0131\u015f en \u00f6nemli ve b\u00fcy\u00fck ad\u0131mlardan biridir&#8221; dedi.<\/p>\n<p>48 saate m\u0131knat\u0131slar birbirine yap\u0131\u015ft\u0131<br \/>\n<br \/>Sar\u0131l\u0131k ve ka\u015f\u0131nt\u0131 \u015fikayetleri nedeniyle \u00d6mer \u00d6zkan\u2019\u0131n kendilerine ba\u015fvurdu\u011funu belirten \u0130zmir Ekonomi \u00dcniversitesi Medical Point Hastanesi Gastroenteroloji uzman\u0131 Do\u00e7. Dr. Ferit \u00c7elik, &#8220;Hastam\u0131z, 2019 y\u0131l\u0131nda canl\u0131dan karaci\u011fer nakli yap\u0131lan bir vakayd\u0131. Yapt\u0131\u011f\u0131m\u0131z de\u011ferlendirmede, hastan\u0131n kendi safra yolu ile tak\u0131lan karaci\u011fer aras\u0131ndaki b\u00fct\u00fcnl\u00fc\u011f\u00fcn sa\u011flanamad\u0131\u011f\u0131n\u0131 g\u00f6rd\u00fck. Canl\u0131dan karaci\u011fer nakli yap\u0131lan olgularda, bu \u015fekilde anastomoz darl\u0131\u011f\u0131 ad\u0131 verilen problemler d\u00fcnyada yakla\u015f\u0131k y\u00fczde 20 oran\u0131nda, yani her 5 vakadan birinde g\u00f6r\u00fclmektedir. Bu nedenle, tekrar bir safra yolu ile ince ba\u011f\u0131rsak aras\u0131nda ba\u011flant\u0131 (anastomoz) yap\u0131lmas\u0131 gerekiyordu. Alternatif olarak ise d\u00fcnyada s\u0131n\u0131rl\u0131 say\u0131da merkezde uygulanan magnet (m\u0131knat\u0131s) y\u00f6ntemi kullan\u0131labilirdi. Bu y\u00f6ntemi tercih ederek darl\u0131k b\u00f6lgesine bir m\u0131knat\u0131s yerle\u015ftirdik. 48\u2019inci saatin sonunda m\u0131knat\u0131slar\u0131n birbirine yap\u0131\u015ft\u0131\u011f\u0131n\u0131 g\u00f6zlemledik. M\u0131knat\u0131slar, safra yollar\u0131nda birle\u015ferek o b\u00f6lgede bir delik olu\u015fturmu\u015ftu. Bu i\u015flemle birlikte safra ak\u0131\u015f\u0131n\u0131n yava\u015f yava\u015f ba\u015flad\u0131\u011f\u0131n\u0131 g\u00f6rd\u00fck. Daha sonra giri\u015fimsel radyoloji birimiyle birlikte hastay\u0131 tekrar i\u015fleme ald\u0131k. Tak\u0131lan m\u0131knat\u0131slar, \u2019ere cephe\u2019 y\u00f6ntemi ile \u00e7\u0131kar\u0131ld\u0131. Ard\u0131ndan, giri\u015fimsel radyoloji ve bizim taraf\u0131m\u0131zdan darl\u0131k b\u00f6lgesi geni\u015fletilerek bu b\u00f6lgeye \u00fc\u00e7 adet stent yerle\u015ftirildi. Sonu\u00e7 olarak, hastam\u0131z\u0131n safra yolu b\u00fct\u00fcnl\u00fc\u011f\u00fcn\u00fc yeniden sa\u011flam\u0131\u015f olduk&#8221; ifadelerini kulland\u0131.<\/p>\n<p>D\u00fcnyada \u00e7ok az merkezde uygulan\u0131yor<br \/>\n<br \/>\u00d6mer \u00d6zkan\u2019a uygulanan m\u0131knat\u0131s y\u00f6nteminin T\u00fcrkiye\u2019de say\u0131l\u0131 birka\u00e7 merkezde; d\u00fcnyada ise \u00e7ok az merkezde yap\u0131lan bir i\u015flem oldu\u011funu s\u00f6yleyen \u0130zmir Ekonomi \u00dcniversitesi Medical Point Hastanesi Radyoloji Uzman\u0131 Dr. Kamil Do\u011fan, &#8220;Bu gibi vakalarda, d\u00fcnyada ender kullan\u0131lan manyetik kompresyon y\u00f6ntemini Ferit Hocam\u0131zla birlikte e\u015fzamanl\u0131 olarak uygulad\u0131k. Buradaki amac\u0131m\u0131z, safra ba\u011flant\u0131s\u0131 olmayan kesimin, her iki m\u0131knat\u0131s\u0131n \u00e7ekme kuvveti ile birbirine ba\u011flanmas\u0131n\u0131 sa\u011flamakt\u0131. Bu y\u00f6ntemi uygulad\u0131ktan sonra, yakla\u015f\u0131k iki hafta i\u00e7inde safra yollar\u0131 birbiriyle ba\u011fland\u0131. Ard\u0131ndan, yine ortak randevu y\u00f6ntemiyle ve ortak bir operasyonla, ba\u011flant\u0131 sa\u011flad\u0131\u011f\u0131m\u0131z b\u00f6lgeye ba\u015far\u0131l\u0131 bir \u015fekilde stent uygulad\u0131k. Bu sayede hastam\u0131z, karaci\u011ferini kaybetmekten kurtuldu. V\u00fccutta herhangi bir yara, bere veya kesi b\u0131rakmadan, minimal invaziv y\u00f6ntemlerle ba\u015far\u0131ya ula\u015ft\u0131\u011f\u0131m\u0131z i\u00e7in \u00e7ok mutluyuz. Hastanemizde, bu ve buna benzer bir\u00e7ok i\u015flemi gerek giri\u015fimsel radyoloji olarak gerekse di\u011fer bilim dallar\u0131yla birlikte ba\u015far\u0131yla uygulamaktay\u0131z&#8221; diye ekledi.<\/p>\n<p>&#8220;6 ayl\u0131k \u00f6mr\u00fcm kalm\u0131\u015ft\u0131&#8221;<br \/>\n<br \/>Yap\u0131lan ba\u015far\u0131l\u0131 ameliyat ile sa\u011fl\u0131\u011f\u0131na kavu\u015fan \u00d6mer \u00d6zkan ise, &#8220;2-3 sene \u00f6nce karaci\u011fer de\u011ferlerimde bozulmalar oluyordu, ancak bu durum yakla\u015f\u0131k bir ay s\u00fcr\u00fcyor ve de\u011ferlerim tekrar d\u00fczeliyordu. Mart 2025\u2019te ikinci kez hastaneye ba\u015fvurdu\u011fumda, karaci\u011fer ve safra yollar\u0131m\u0131n t\u0131kal\u0131 oldu\u011funu doktorum ultrasonla inceleyerek bana s\u00f6yledi. Hemen ard\u0131ndan bilgisayarl\u0131 tomografi \u00e7ekildi. Safra yollar\u0131mda tama yak\u0131n darl\u0131klar olu\u015ftu\u011fu, safran\u0131n at\u0131lamad\u0131\u011f\u0131 ve karaci\u011fer de\u011ferlerimin g\u00fcn ge\u00e7tik\u00e7e y\u00fckseldi\u011fi ifade edildi. Ancak ben bu riski kabul ettim. Hocalar\u0131m da bu riski alarak t\u00fcm uzmanl\u0131klar\u0131n\u0131, bilgi ve becerilerini kullanarak \u00fc\u00e7 operasyonla beni bug\u00fcn hayata d\u00f6nd\u00fcrd\u00fcler. E\u011fer o i\u015flemler yap\u0131lamasayd\u0131, belki de sadece 6 ayl\u0131k \u00f6mr\u00fcm kalm\u0131\u015ft\u0131, dediler. Beni bug\u00fcnlere getirdiler, hepsine minnettar\u0131m&#8221; ifadelerini kulland\u0131.<br \/><\/p>\n","protected":false},"excerpt":{"rendered":"<p>Safra yolu t\u0131kan\u0131kl\u0131\u011f\u0131 bulunan \u00d6mer \u00d6zkan, \u0130zmir Ekonomi \u00dcniversitesi Medical Point Hastanesi\u2019nde T\u00fcrkiye\u2019de nadir uygulanan manyetik kompresyon y\u00f6ntemiyle hayata tutundu. \u0130zmir\u2019de ya\u015fayan 64 ya\u015f\u0131ndaki \u00d6mer \u00d6zkan, 2019 y\u0131l\u0131nda ge\u00e7irdi\u011fi canl\u0131 vericili karaci\u011fer nakli sonras\u0131nda sessizce ilerleyen ciddi bir komplikasyonla kar\u015f\u0131 kar\u015f\u0131ya kald\u0131. Nakilden y\u0131llar sonra safra yollar\u0131nda geli\u015fen t\u0131kan\u0131kl\u0131k \u00d6zkan\u2019\u0131n hayat\u0131n\u0131 tehdit eder duruma gelmeye&#8230;<\/p>\n","protected":false},"author":1,"featured_media":43287,"comment_status":"open","ping_status":"open","sticky":false,"template":"","format":"standard","meta":{"_crdt_document":"","footnotes":""},"categories":[2],"tags":[],"class_list":["post-43286","post","type-post","status-publish","format-standard","has-post-thumbnail","hentry","category-saglik"],"_links":{"self":[{"href":"https:\/\/www.egemtv.com\/index.php?rest_route=\/wp\/v2\/posts\/43286","targetHints":{"allow":["GET"]}}],"collection":[{"href":"https:\/\/www.egemtv.com\/index.php?rest_route=\/wp\/v2\/posts"}],"about":[{"href":"https:\/\/www.egemtv.com\/index.php?rest_route=\/wp\/v2\/types\/post"}],"author":[{"embeddable":true,"href":"https:\/\/www.egemtv.com\/index.php?rest_route=\/wp\/v2\/users\/1"}],"replies":[{"embeddable":true,"href":"https:\/\/www.egemtv.com\/index.php?rest_route=%2Fwp%2Fv2%2Fcomments&post=43286"}],"version-history":[{"count":1,"href":"https:\/\/www.egemtv.com\/index.php?rest_route=\/wp\/v2\/posts\/43286\/revisions"}],"predecessor-version":[{"id":43288,"href":"https:\/\/www.egemtv.com\/index.php?rest_route=\/wp\/v2\/posts\/43286\/revisions\/43288"}],"wp:featuredmedia":[{"embeddable":true,"href":"https:\/\/www.egemtv.com\/index.php?rest_route=\/wp\/v2\/media\/43287"}],"wp:attachment":[{"href":"https:\/\/www.egemtv.com\/index.php?rest_route=%2Fwp%2Fv2%2Fmedia&parent=43286"}],"wp:term":[{"taxonomy":"category","embeddable":true,"href":"https:\/\/www.egemtv.com\/index.php?rest_route=%2Fwp%2Fv2%2Fcategories&post=43286"},{"taxonomy":"post_tag","embeddable":true,"href":"https:\/\/www.egemtv.com\/index.php?rest_route=%2Fwp%2Fv2%2Ftags&post=43286"}],"curies":[{"name":"wp","href":"https:\/\/api.w.org\/{rel}","templated":true}]}}