{"id":43283,"date":"2025-07-20T13:36:23","date_gmt":"2025-07-20T10:36:23","guid":{"rendered":"https:\/\/www.egemtv.com\/?p=43283"},"modified":"2025-07-20T13:36:26","modified_gmt":"2025-07-20T10:36:26","slug":"manisada-saskina-ceviren-hali-eskitme-yontemi","status":"publish","type":"post","link":"https:\/\/www.egemtv.com\/?p=43283","title":{"rendered":"Manisa\u2019da \u015fa\u015fk\u0131na \u00e7eviren hal\u0131 eskitme y\u00f6ntemi"},"content":{"rendered":"<p>Manisa\u2019n\u0131n Demirci il\u00e7esinde dokunan d\u00fcnyaca \u00fcnl\u00fc hal\u0131lar, antika g\u00f6r\u00fcn\u00fcm\u00fcne kavu\u015fmas\u0131 amac\u0131yla \u00f6nce y\u0131kan\u0131yor ard\u0131ndan ara\u00e7lar\u0131n \u00fczerinden ge\u00e7erek y\u0131prat\u0131lmas\u0131 amac\u0131yla yollara seriliyor. G\u00f6renleri \u015fa\u015fk\u0131na \u00e7eviren y\u00f6ntemin d\u00fcnyada sadece Demirci\u2019de uyguland\u0131\u011f\u0131 belirtilirken, ge\u00e7mi\u015fte hal\u0131lar\u0131n \u00fczerinden ge\u00e7mek istemeyen ara\u00e7 s\u00fcr\u00fcc\u00fclerinin zaman zaman kaza yapt\u0131\u011f\u0131 \u00f6\u011frenildi. Bu y\u00f6ntemle antika g\u00f6r\u00fcn\u00fcm\u00fc verilen hal\u0131lar daha sonra d\u00fcnya pazar\u0131na g\u00f6nderiliyor.<br \/>\n<br \/>Manisa\u2019n\u0131n Demirci il\u00e7esi kad\u0131nlar\u0131n h\u00fcnerli elleriyle dokunan hal\u0131lar\u0131 ile T\u00fcrkiye\u2019de hal\u0131c\u0131l\u0131\u011fa y\u00f6n vermeye devam ediyor. \u0130l\u00e7ede bin bir zahmetle dokunan d\u00fcnyaca \u00fcnl\u00fc T\u00fcrk hal\u0131lar\u0131, ilgin\u00e7 bir y\u00f6ntemle antika g\u00f6r\u00fcn\u00fcme kavu\u015fuyor. Tezgahlarda h\u00fcnerli ellerin dokudu\u011fu hal\u0131lar cadde ve sokaklara serilerek g\u00fcne\u015fte bekletiliyor. Asfaltta yakla\u015f\u0131k 10-15 g\u00fcn bekletilen ve \u00fczerinden bir\u00e7ok arac\u0131n ge\u00e7ti\u011fi hal\u0131lar inceliyor ve eskimi\u015f g\u00f6r\u00fcnt\u00fcs\u00fc veriliyor. \u00dczerinden ne kadar \u00e7ok ara\u00e7 ge\u00e7erse o kadar eski g\u00f6r\u00fcn\u00fcm\u00fcne kavu\u015fan hal\u0131lar, de\u011ferine de\u011fer kat\u0131yor. Y\u0131kamac\u0131lar taraf\u0131ndan yollardan toplanan hal\u0131lar, \u00f6zel bir y\u0131kama i\u015fleminden ge\u00e7irildikten sonra bak\u0131mlar\u0131 yap\u0131larak sat\u0131\u015fa haz\u0131r hale geliyor. Eskitilme i\u015flemi tamamlanan hal\u0131lar yurt d\u0131\u015f\u0131 pazar\u0131nda yo\u011fun talep g\u00f6r\u00fcyor. Antika g\u00f6r\u00fcn\u00fcm\u00fc verilen hal\u0131lar \u00f6zellikle Amerika\u2019ya ihra\u00e7 ediliyor.<br \/>\n<br \/>\u00d6te yandan sadece Demirci\u2019de de\u011fil d\u00fcnyan\u0131n farkl\u0131 noktalar\u0131nda dokunan hal\u0131lar da bu merkeze g\u00f6nderilerek eskitme i\u015flemi uygulan\u0131yor. Hal\u0131 dokumac\u0131l\u0131\u011f\u0131n\u0131n bitme noktas\u0131na geldi\u011fi Demirci\u2019de, Pakistan, Hindistan, Banglade\u015f, \u00c7in gibi \u00fclkelerden g\u00f6nderilen el dokuma hal\u0131lar\u0131 burada eskitme i\u015flemi uygulanmas\u0131 sonras\u0131 d\u00fcnyan\u0131n pek \u00e7ok noktas\u0131na ihra\u00e7 ediliyor.<br \/>\n<br \/>Hal\u0131lara eskitme i\u015flemi uygulayan Ali Sar\u0131, yap\u0131lan i\u015flemler hakk\u0131nda bilgi verdi. Sar\u0131, &#8220;Biz burada hal\u0131y\u0131 eskitme i\u015flemi yap\u0131yoruz. Y\u0131kamas\u0131n\u0131n ard\u0131ndan yola sererek 15 g\u00fcn hal\u0131n\u0131n durumuna g\u00f6re bekletiyoruz. \u00dczerinden ara\u00e7lar ge\u00e7iyor. Tekrardan y\u0131kamaya al\u0131yoruz. Ara k\u0131rk\u0131m\u0131 dedi\u011fimiz olay\u0131n ard\u0131ndan temizleyerek sa\u00e7ak \u00f6rg\u00fclerini de yap\u0131p sat\u0131\u015fa haz\u0131r hale getiriyoruz. Bu hal\u0131lar Amerika, \u0130ngiltere gibi \u00fclkere gidiyor. Burada dokumada imalat\u00e7\u0131 arkada\u015flar var onlardan al\u0131yoruz&#8221; dedi.<br \/>\n<br \/>\u0130lk zamanlar ufak tefek kazalar\u0131n da ya\u015fand\u0131\u011f\u0131n\u0131 belirten Sar\u0131, &#8220;\u0130lk zamanlar \u015fa\u015f\u0131r\u0131yorlard\u0131 ancak \u015fimdilerde al\u0131\u015ft\u0131lar. \u0130lk zamanlar ufak tefek kazalar da oluyordu. Art\u0131k insanlar al\u0131\u015ft\u0131 \u00fczerinden ge\u00e7ebiliyor&#8221; diye konu\u015ftu.<br \/>\n<br \/>Demirci\u2019de art\u0131k hal\u0131 dokumac\u0131lar\u0131n\u0131n azald\u0131\u011f\u0131n\u0131 bu y\u00fczden de Pakistan, Hindistan gibi \u00fclkelerde dokunan hal\u0131lara da eskitme i\u015flemi yapt\u0131klar\u0131n\u0131 s\u00f6yleyen Sar\u0131, &#8220;Daha \u00e7ok Pakistan, Hindistan, Nepal, \u00c7in gibi \u00fclkelerden de hal\u0131 geliyor. Burada i\u015flemlerini yap\u0131p tekrar yurtd\u0131\u015f\u0131na g\u00f6nderiyoruz. \u00dcretim art\u0131k bizde azald\u0131. Her y\u0131l da azalmaya devam ediyor. Devlet deste\u011fi olmad\u0131\u011f\u0131 i\u00e7in s\u0131k\u0131nt\u0131 b\u00fcy\u00fck. Maliyetler buralarda y\u00fcksek ancak Pakistan gibi \u00fclkelerde i\u015f g\u00fcc\u00fc ucuz oldu\u011fundan al\u0131c\u0131lar oraya kaymaya ba\u015flad\u0131. Dokuyucu da dokutturan da para kazanam\u0131yor. Devlet bu i\u015fe te\u015fvik verirse artaca\u011f\u0131n\u0131 d\u00fc\u015f\u00fcn\u00fcyoruz&#8221; ifadelerini kulland\u0131.<br \/><\/p>\n","protected":false},"excerpt":{"rendered":"<p>Manisa\u2019n\u0131n Demirci il\u00e7esinde dokunan d\u00fcnyaca \u00fcnl\u00fc hal\u0131lar, antika g\u00f6r\u00fcn\u00fcm\u00fcne kavu\u015fmas\u0131 amac\u0131yla \u00f6nce y\u0131kan\u0131yor ard\u0131ndan ara\u00e7lar\u0131n \u00fczerinden ge\u00e7erek y\u0131prat\u0131lmas\u0131 amac\u0131yla yollara seriliyor. G\u00f6renleri \u015fa\u015fk\u0131na \u00e7eviren y\u00f6ntemin d\u00fcnyada sadece Demirci\u2019de uyguland\u0131\u011f\u0131 belirtilirken, ge\u00e7mi\u015fte hal\u0131lar\u0131n \u00fczerinden ge\u00e7mek istemeyen ara\u00e7 s\u00fcr\u00fcc\u00fclerinin zaman zaman kaza yapt\u0131\u011f\u0131 \u00f6\u011frenildi. Bu y\u00f6ntemle antika g\u00f6r\u00fcn\u00fcm\u00fc verilen hal\u0131lar daha sonra d\u00fcnya pazar\u0131na g\u00f6nderiliyor. Manisa\u2019n\u0131n Demirci&#8230;<\/p>\n","protected":false},"author":1,"featured_media":43284,"comment_status":"open","ping_status":"open","sticky":false,"template":"","format":"standard","meta":{"_crdt_document":"","footnotes":""},"categories":[1],"tags":[],"class_list":["post-43283","post","type-post","status-publish","format-standard","has-post-thumbnail","hentry","category-guncel"],"_links":{"self":[{"href":"https:\/\/www.egemtv.com\/index.php?rest_route=\/wp\/v2\/posts\/43283","targetHints":{"allow":["GET"]}}],"collection":[{"href":"https:\/\/www.egemtv.com\/index.php?rest_route=\/wp\/v2\/posts"}],"about":[{"href":"https:\/\/www.egemtv.com\/index.php?rest_route=\/wp\/v2\/types\/post"}],"author":[{"embeddable":true,"href":"https:\/\/www.egemtv.com\/index.php?rest_route=\/wp\/v2\/users\/1"}],"replies":[{"embeddable":true,"href":"https:\/\/www.egemtv.com\/index.php?rest_route=%2Fwp%2Fv2%2Fcomments&post=43283"}],"version-history":[{"count":1,"href":"https:\/\/www.egemtv.com\/index.php?rest_route=\/wp\/v2\/posts\/43283\/revisions"}],"predecessor-version":[{"id":43285,"href":"https:\/\/www.egemtv.com\/index.php?rest_route=\/wp\/v2\/posts\/43283\/revisions\/43285"}],"wp:featuredmedia":[{"embeddable":true,"href":"https:\/\/www.egemtv.com\/index.php?rest_route=\/wp\/v2\/media\/43284"}],"wp:attachment":[{"href":"https:\/\/www.egemtv.com\/index.php?rest_route=%2Fwp%2Fv2%2Fmedia&parent=43283"}],"wp:term":[{"taxonomy":"category","embeddable":true,"href":"https:\/\/www.egemtv.com\/index.php?rest_route=%2Fwp%2Fv2%2Fcategories&post=43283"},{"taxonomy":"post_tag","embeddable":true,"href":"https:\/\/www.egemtv.com\/index.php?rest_route=%2Fwp%2Fv2%2Ftags&post=43283"}],"curies":[{"name":"wp","href":"https:\/\/api.w.org\/{rel}","templated":true}]}}