{"id":43280,"date":"2025-07-20T13:36:21","date_gmt":"2025-07-20T10:36:21","guid":{"rendered":"https:\/\/www.egemtv.com\/?p=43280"},"modified":"2025-07-20T13:36:23","modified_gmt":"2025-07-20T10:36:23","slug":"kibris-baris-harekatinin-51-yil-donumu-burdurda-torenle-kutlandi","status":"publish","type":"post","link":"https:\/\/www.egemtv.com\/?p=43280","title":{"rendered":"K\u0131br\u0131s Bar\u0131\u015f Harek\u00e2t\u0131\u2019n\u0131n 51. Y\u0131l D\u00f6n\u00fcm\u00fc Burdur\u2019da t\u00f6renle kutland\u0131"},"content":{"rendered":"<p>20 Temmuz 1974\u2019te ger\u00e7ekle\u015ftirilen K\u0131br\u0131s Bar\u0131\u015f Harek\u00e2t\u0131\u2019n\u0131n 51. y\u0131l d\u00f6n\u00fcm\u00fc, Burdur\u2019da d\u00fczenlenen t\u00f6renle an\u0131ld\u0131.<br \/>\n<br \/>Bu anlaml\u0131 g\u00fcn\u00fcn 51. y\u0131l\u0131 dolay\u0131s\u0131yla Burdur\u2019da \u00e7e\u015fitli etkinlikler d\u00fczenlendi. Anma program\u0131 sabah saatlerinde Burdur \u015eehitli\u011fi\u2019ne yap\u0131lan ziyaretle ba\u015flad\u0131. Gaziler, \u015fehit yak\u0131nlar\u0131 ve protokol \u00fcyelerinin kat\u0131l\u0131m\u0131yla ger\u00e7ekle\u015fen ziyarette dualar okundu, \u015fehitler rahmetle an\u0131ld\u0131.<br \/>\n<br \/>Daha sonra Cumhuriyet Meydan\u0131\u2019nda ger\u00e7ekle\u015ftirilen t\u00f6rende Atat\u00fcrk b\u00fcst\u00fcne \u00e7elenk sunuldu, ard\u0131ndan sayg\u0131 duru\u015funda bulunularak \u0130stiklal Mar\u015f\u0131 okundu. G\u00fcn\u00fcn anlam ve \u00f6nemine ili\u015fkin yap\u0131lan konu\u015fmalarda K\u0131br\u0131s Bar\u0131\u015f Harek\u00e2t\u0131\u2019n\u0131n tarih\u00ee \u00f6nemi ve sonu\u00e7lar\u0131 vurguland\u0131. Harek\u00e2t\u0131n, K\u0131br\u0131s T\u00fcrk halk\u0131n\u0131n ba\u011f\u0131ms\u0131zl\u0131\u011f\u0131 ve g\u00fcvenli\u011fi a\u00e7\u0131s\u0131ndan ta\u015f\u0131d\u0131\u011f\u0131 kritik rol hat\u0131rlat\u0131ld\u0131.<br \/>\n<br \/>T\u00f6rende konu\u015fan Burdur Gaziler Derne\u011fi Ba\u015fkan\u0131 Hasan Okyar; &#8220;Bundan 51 y\u0131l \u00f6nce Akdeniz\u2019in incisi K\u0131br\u0131s Adas\u0131\u2019nda, Rum lider Makaryos\u2019un kurdurdu\u011fu EOKA ter\u00f6r \u00f6rg\u00fct\u00fc ve eleba\u015f\u0131 Grivas, adadaki T\u00fcrk soyda\u015flar\u0131m\u0131za y\u0131llarca mezalim uygulam\u0131\u015ft\u0131r. \u2018Her T\u00fcrk potansiyel tehlikedir, yok edilmelidir\u2019 anlay\u0131\u015f\u0131yla hareket eden bu zihniyete kar\u015f\u0131, T\u00fcrkiye Cumhuriyeti sessiz kalmam\u0131\u015f; 20 Temmuz 1974 sabah\u0131 kahraman Mehmet\u00e7ik adaya ayak basarak 498 \u015fehit vererek K\u0131br\u0131s T\u00fcrk halk\u0131n\u0131 zul\u00fcmden kurtarm\u0131\u015ft\u0131r. Sonras\u0131nda, 15 Kas\u0131m 1983\u2019te Kuzey K\u0131br\u0131s T\u00fcrk Cumhuriyeti kurulmu\u015f ve K\u0131br\u0131s T\u00fcrk halk\u0131 bug\u00fcne kadar \u00f6zg\u00fcr, ba\u011f\u0131ms\u0131z bir \u015fekilde ya\u015fam\u0131n\u0131 s\u00fcrd\u00fcrm\u00fc\u015ft\u00fcr. Bu vesileyle, ba\u015fta Gazi Mustafa Kemal Atat\u00fcrk olmak \u00fczere t\u00fcm \u015fehitlerimizi ve aram\u0131zdan ayr\u0131lan gazilerimizi rahmetle an\u0131yor, hayatta olan gazilerimize sa\u011fl\u0131kl\u0131 \u00f6m\u00fcrler diliyorum&#8221; dedi.<br \/>\n<br \/>Program\u0131n ard\u0131ndan Burdur Gaziler Derne\u011fi\u2019nde d\u00fczenlenen etkinlikte vatanda\u015flara ikramlarda bulunuldu. Burdur Valisi T\u00fclay Baydar Bilgihan, burada gaziler ve davetlilerle yak\u0131ndan ilgilenerek ikramlar\u0131 bizzat sundu.<br \/><\/p>\n","protected":false},"excerpt":{"rendered":"<p>20 Temmuz 1974\u2019te ger\u00e7ekle\u015ftirilen K\u0131br\u0131s Bar\u0131\u015f Harek\u00e2t\u0131\u2019n\u0131n 51. y\u0131l d\u00f6n\u00fcm\u00fc, Burdur\u2019da d\u00fczenlenen t\u00f6renle an\u0131ld\u0131. Bu anlaml\u0131 g\u00fcn\u00fcn 51. y\u0131l\u0131 dolay\u0131s\u0131yla Burdur\u2019da \u00e7e\u015fitli etkinlikler d\u00fczenlendi. Anma program\u0131 sabah saatlerinde Burdur \u015eehitli\u011fi\u2019ne yap\u0131lan ziyaretle ba\u015flad\u0131. Gaziler, \u015fehit yak\u0131nlar\u0131 ve protokol \u00fcyelerinin kat\u0131l\u0131m\u0131yla ger\u00e7ekle\u015fen ziyarette dualar okundu, \u015fehitler rahmetle an\u0131ld\u0131. Daha sonra Cumhuriyet Meydan\u0131\u2019nda ger\u00e7ekle\u015ftirilen t\u00f6rende Atat\u00fcrk b\u00fcst\u00fcne&#8230;<\/p>\n","protected":false},"author":1,"featured_media":43281,"comment_status":"open","ping_status":"open","sticky":false,"template":"","format":"standard","meta":{"_crdt_document":"","footnotes":""},"categories":[5],"tags":[],"class_list":["post-43280","post","type-post","status-publish","format-standard","has-post-thumbnail","hentry","category-asayis"],"_links":{"self":[{"href":"https:\/\/www.egemtv.com\/index.php?rest_route=\/wp\/v2\/posts\/43280","targetHints":{"allow":["GET"]}}],"collection":[{"href":"https:\/\/www.egemtv.com\/index.php?rest_route=\/wp\/v2\/posts"}],"about":[{"href":"https:\/\/www.egemtv.com\/index.php?rest_route=\/wp\/v2\/types\/post"}],"author":[{"embeddable":true,"href":"https:\/\/www.egemtv.com\/index.php?rest_route=\/wp\/v2\/users\/1"}],"replies":[{"embeddable":true,"href":"https:\/\/www.egemtv.com\/index.php?rest_route=%2Fwp%2Fv2%2Fcomments&post=43280"}],"version-history":[{"count":1,"href":"https:\/\/www.egemtv.com\/index.php?rest_route=\/wp\/v2\/posts\/43280\/revisions"}],"predecessor-version":[{"id":43282,"href":"https:\/\/www.egemtv.com\/index.php?rest_route=\/wp\/v2\/posts\/43280\/revisions\/43282"}],"wp:featuredmedia":[{"embeddable":true,"href":"https:\/\/www.egemtv.com\/index.php?rest_route=\/wp\/v2\/media\/43281"}],"wp:attachment":[{"href":"https:\/\/www.egemtv.com\/index.php?rest_route=%2Fwp%2Fv2%2Fmedia&parent=43280"}],"wp:term":[{"taxonomy":"category","embeddable":true,"href":"https:\/\/www.egemtv.com\/index.php?rest_route=%2Fwp%2Fv2%2Fcategories&post=43280"},{"taxonomy":"post_tag","embeddable":true,"href":"https:\/\/www.egemtv.com\/index.php?rest_route=%2Fwp%2Fv2%2Ftags&post=43280"}],"curies":[{"name":"wp","href":"https:\/\/api.w.org\/{rel}","templated":true}]}}