{"id":43277,"date":"2025-07-20T13:17:20","date_gmt":"2025-07-20T10:17:20","guid":{"rendered":"https:\/\/www.egemtv.com\/?p=43277"},"modified":"2025-07-20T13:17:22","modified_gmt":"2025-07-20T10:17:22","slug":"izmirden-savunma-sanayii-icin-secilen-tek-okul-alosbi-mtal-oldu","status":"publish","type":"post","link":"https:\/\/www.egemtv.com\/?p=43277","title":{"rendered":"\u0130zmir\u2019den savunma sanayii i\u00e7in se\u00e7ilen tek okul ALOSB\u0130 MTAL oldu"},"content":{"rendered":"<p>\u0130zmir\u2019in Alia\u011fa il\u00e7esinde bulunan T\u00fcrkiye Odalar ve Borsalar Birli\u011fi ALOSB\u0130 Mesleki ve Teknik Anadolu Lisesi, savunma sanayiinde nitelikli insan kayna\u011f\u0131 yeti\u015ftirmek amac\u0131yla hayata ge\u00e7irilen ELMAS Program\u0131 kapsam\u0131nda T\u00fcrkiye genelinde belirlenen 13 pilot okuldan biri oldu.<br \/>\n<br \/>Milli E\u011fitim Bakanl\u0131\u011f\u0131 ile Cumhurba\u015fkanl\u0131\u011f\u0131 Savunma Sanayii Ba\u015fkanl\u0131\u011f\u0131 i\u015f birli\u011finde uygulamaya konulan ELMAS Program\u0131, 2 Haziran 2025 tarihinde Mill\u00ee E\u011fitim Bakan\u0131 Yusuf Tekin ile Cumhurba\u015fkanl\u0131\u011f\u0131 Savunma Sanayii Ba\u015fkan\u0131 Haluk G\u00f6rg\u00fcn taraf\u0131ndan imzalanan &#8220;Mesleki ve Teknik E\u011fitim \u0130\u015fbirli\u011fi Protokol\u00fc&#8221; \u00e7er\u00e7evesinde ba\u015flat\u0131ld\u0131. \u0130zmir\u2019den se\u00e7ilen tek okul olan  T\u00fcrkiye Odalar ve Borsalar Birli\u011fi (TOBB) ALOSB\u0130 Mesleki ve Teknik Anadolu Lisesi, Milli Yetkinlik Hamlesi kapsam\u0131nda geli\u015ftirilen program ile savunma sanayiine entegre bir mesleki ve teknik e\u011fitim modeli i\u00e7inde yer alacak. Program kapsam\u0131nda  12 farkl\u0131 ilde yer alan  belirlenen 13 mesleki ve teknik Anadolu lisesi;  geli\u015fime a\u00e7\u0131kl\u0131klar\u0131, stratejik konumlar\u0131, savunma sanayi kurulu\u015flar\u0131na yak\u0131nl\u0131klar\u0131 ile alan ve dallar\u0131n uygunlu\u011fu g\u00f6z \u00f6n\u00fcnde bulundurularak se\u00e7ildi. Se\u00e7ilen okullarda makine teknolojisi, elektrik-elektronik, bili\u015fim ve metal teknolojisi gibi savunma sanayiinin ihtiya\u00e7 duydu\u011fu teknik alanlarda e\u011fitim veriliyor. ELMAS Program\u0131 ile mesleki ve teknik Anadolu liselerinin fiziki ve be\u015feri altyap\u0131lar\u0131n\u0131n geli\u015ftirilmesi, \u00f6\u011frencilerin teknik yetkinliklerinin art\u0131r\u0131lmas\u0131 ve savunma sanayisine nitelikli i\u015f g\u00fcc\u00fc sa\u011flanmas\u0131 hedefleniyor. Program, ayn\u0131 zamanda gen\u00e7lerin meslek edinme s\u00fcre\u00e7lerine katk\u0131 sunarak T\u00fcrkiye\u2019nin mill\u00ee teknolojik \u00fcretim kapasitesine insan kayna\u011f\u0131 deste\u011fi sa\u011flamay\u0131 ama\u00e7l\u0131yor.<br \/><\/p>\n","protected":false},"excerpt":{"rendered":"<p>\u0130zmir\u2019in Alia\u011fa il\u00e7esinde bulunan T\u00fcrkiye Odalar ve Borsalar Birli\u011fi ALOSB\u0130 Mesleki ve Teknik Anadolu Lisesi, savunma sanayiinde nitelikli insan kayna\u011f\u0131 yeti\u015ftirmek amac\u0131yla hayata ge\u00e7irilen ELMAS Program\u0131 kapsam\u0131nda T\u00fcrkiye genelinde belirlenen 13 pilot okuldan biri oldu. Milli E\u011fitim Bakanl\u0131\u011f\u0131 ile Cumhurba\u015fkanl\u0131\u011f\u0131 Savunma Sanayii Ba\u015fkanl\u0131\u011f\u0131 i\u015f birli\u011finde uygulamaya konulan ELMAS Program\u0131, 2 Haziran 2025 tarihinde Mill\u00ee E\u011fitim&#8230;<\/p>\n","protected":false},"author":1,"featured_media":43278,"comment_status":"open","ping_status":"open","sticky":false,"template":"","format":"standard","meta":{"_crdt_document":"","footnotes":""},"categories":[1],"tags":[],"class_list":["post-43277","post","type-post","status-publish","format-standard","has-post-thumbnail","hentry","category-guncel"],"_links":{"self":[{"href":"https:\/\/www.egemtv.com\/index.php?rest_route=\/wp\/v2\/posts\/43277","targetHints":{"allow":["GET"]}}],"collection":[{"href":"https:\/\/www.egemtv.com\/index.php?rest_route=\/wp\/v2\/posts"}],"about":[{"href":"https:\/\/www.egemtv.com\/index.php?rest_route=\/wp\/v2\/types\/post"}],"author":[{"embeddable":true,"href":"https:\/\/www.egemtv.com\/index.php?rest_route=\/wp\/v2\/users\/1"}],"replies":[{"embeddable":true,"href":"https:\/\/www.egemtv.com\/index.php?rest_route=%2Fwp%2Fv2%2Fcomments&post=43277"}],"version-history":[{"count":1,"href":"https:\/\/www.egemtv.com\/index.php?rest_route=\/wp\/v2\/posts\/43277\/revisions"}],"predecessor-version":[{"id":43279,"href":"https:\/\/www.egemtv.com\/index.php?rest_route=\/wp\/v2\/posts\/43277\/revisions\/43279"}],"wp:featuredmedia":[{"embeddable":true,"href":"https:\/\/www.egemtv.com\/index.php?rest_route=\/wp\/v2\/media\/43278"}],"wp:attachment":[{"href":"https:\/\/www.egemtv.com\/index.php?rest_route=%2Fwp%2Fv2%2Fmedia&parent=43277"}],"wp:term":[{"taxonomy":"category","embeddable":true,"href":"https:\/\/www.egemtv.com\/index.php?rest_route=%2Fwp%2Fv2%2Fcategories&post=43277"},{"taxonomy":"post_tag","embeddable":true,"href":"https:\/\/www.egemtv.com\/index.php?rest_route=%2Fwp%2Fv2%2Ftags&post=43277"}],"curies":[{"name":"wp","href":"https:\/\/api.w.org\/{rel}","templated":true}]}}