{"id":43265,"date":"2025-07-20T11:56:47","date_gmt":"2025-07-20T08:56:47","guid":{"rendered":"https:\/\/www.egemtv.com\/?p=43265"},"modified":"2025-07-20T11:56:50","modified_gmt":"2025-07-20T08:56:50","slug":"kavsakta-carpisan-iki-otomobil-hurdaya-dondu-5-yarali","status":"publish","type":"post","link":"https:\/\/www.egemtv.com\/?p=43265","title":{"rendered":"Kav\u015fakta \u00e7arp\u0131\u015fan iki otomobil hurdaya d\u00f6nd\u00fc: 5 yaral\u0131"},"content":{"rendered":"<p>Denizli\u2019de dikkatsizlik sonucu iki ara\u00e7 kav\u015fakta \u00e7arp\u0131\u015ft\u0131. Ara\u00e7lar\u0131n hurdaya d\u00f6nd\u00fc\u011f\u00fc kazada 5 ki\u015fi yaraland\u0131.<br \/>\n<br \/>Kaza, \u00c7ivril il\u00e7esi Denizli-U\u015fak karayolunda meydana geldi. Edinilen bilgilere g\u00f6re; s\u00fcr\u00fcc\u00fcs\u00fc hen\u00fcz \u00f6\u011frenilemeyen 64 BN 841 plakal\u0131 otomobil U\u015fak istikametine seyir halindeyken, kav\u015faktan anayola ba\u011flanmak isteyen 03 ABR 271 plakal\u0131 otomobil ile \u00e7arp\u0131\u015ft\u0131. \u00c7arp\u0131\u015fman\u0131n etkisiyle iki otomobilde savruldu. \u00c7evredeki vatanda\u015flar\u0131n ihbar\u0131 \u00fczerine b\u00f6lgeye \u00e7ok say\u0131da sa\u011fl\u0131k ve jandarma ekibi sevk edildi.  \u0130ki arac\u0131n hurdaya d\u00f6nd\u00fc\u011f\u00fc kazada 5 ki\u015fi yaraland\u0131. Yaral\u0131lar ambulanslarla \u00c7ivril Devlet Hastanesine kald\u0131r\u0131ld\u0131. Yaral\u0131lar\u0131n sa\u011fl\u0131k durumlar\u0131n\u0131n iyi oldu\u011fu \u00f6\u011frenildi.<br \/>\n<br \/>Kazayla ilgili soru\u015fturma ba\u015flat\u0131ld\u0131.<br \/><\/p>\n","protected":false},"excerpt":{"rendered":"<p>Denizli\u2019de dikkatsizlik sonucu iki ara\u00e7 kav\u015fakta \u00e7arp\u0131\u015ft\u0131. Ara\u00e7lar\u0131n hurdaya d\u00f6nd\u00fc\u011f\u00fc kazada 5 ki\u015fi yaraland\u0131. Kaza, \u00c7ivril il\u00e7esi Denizli-U\u015fak karayolunda meydana geldi. Edinilen bilgilere g\u00f6re; s\u00fcr\u00fcc\u00fcs\u00fc hen\u00fcz \u00f6\u011frenilemeyen 64 BN 841 plakal\u0131 otomobil U\u015fak istikametine seyir halindeyken, kav\u015faktan anayola ba\u011flanmak isteyen 03 ABR 271 plakal\u0131 otomobil ile \u00e7arp\u0131\u015ft\u0131. \u00c7arp\u0131\u015fman\u0131n etkisiyle iki otomobilde savruldu. \u00c7evredeki vatanda\u015flar\u0131n ihbar\u0131&#8230;<\/p>\n","protected":false},"author":1,"featured_media":43266,"comment_status":"open","ping_status":"open","sticky":false,"template":"","format":"standard","meta":{"_crdt_document":"","footnotes":""},"categories":[5],"tags":[],"class_list":["post-43265","post","type-post","status-publish","format-standard","has-post-thumbnail","hentry","category-asayis"],"_links":{"self":[{"href":"https:\/\/www.egemtv.com\/index.php?rest_route=\/wp\/v2\/posts\/43265","targetHints":{"allow":["GET"]}}],"collection":[{"href":"https:\/\/www.egemtv.com\/index.php?rest_route=\/wp\/v2\/posts"}],"about":[{"href":"https:\/\/www.egemtv.com\/index.php?rest_route=\/wp\/v2\/types\/post"}],"author":[{"embeddable":true,"href":"https:\/\/www.egemtv.com\/index.php?rest_route=\/wp\/v2\/users\/1"}],"replies":[{"embeddable":true,"href":"https:\/\/www.egemtv.com\/index.php?rest_route=%2Fwp%2Fv2%2Fcomments&post=43265"}],"version-history":[{"count":1,"href":"https:\/\/www.egemtv.com\/index.php?rest_route=\/wp\/v2\/posts\/43265\/revisions"}],"predecessor-version":[{"id":43267,"href":"https:\/\/www.egemtv.com\/index.php?rest_route=\/wp\/v2\/posts\/43265\/revisions\/43267"}],"wp:featuredmedia":[{"embeddable":true,"href":"https:\/\/www.egemtv.com\/index.php?rest_route=\/wp\/v2\/media\/43266"}],"wp:attachment":[{"href":"https:\/\/www.egemtv.com\/index.php?rest_route=%2Fwp%2Fv2%2Fmedia&parent=43265"}],"wp:term":[{"taxonomy":"category","embeddable":true,"href":"https:\/\/www.egemtv.com\/index.php?rest_route=%2Fwp%2Fv2%2Fcategories&post=43265"},{"taxonomy":"post_tag","embeddable":true,"href":"https:\/\/www.egemtv.com\/index.php?rest_route=%2Fwp%2Fv2%2Ftags&post=43265"}],"curies":[{"name":"wp","href":"https:\/\/api.w.org\/{rel}","templated":true}]}}