{"id":43262,"date":"2025-07-20T11:56:44","date_gmt":"2025-07-20T08:56:44","guid":{"rendered":"https:\/\/www.egemtv.com\/?p=43262"},"modified":"2025-07-20T11:56:47","modified_gmt":"2025-07-20T08:56:47","slug":"minik-eliften-buyuklere-cevre-dersi","status":"publish","type":"post","link":"https:\/\/www.egemtv.com\/?p=43262","title":{"rendered":"Minik Elif\u2019ten b\u00fcy\u00fcklere \u00e7evre dersi"},"content":{"rendered":"<p>\u0130zmir\u2019de ya\u015fayan 2,5 ya\u015f\u0131ndaki Elif Aden, e\u011flenmek i\u00e7in gitti\u011fi \u00e7ocuk park\u0131nda yerlere at\u0131lan \u00e7\u00f6pleri toplayarak \u00f6rnek davran\u0131\u015f sergiledi.<br \/>\n<br \/>\u0130zmir\u2019de ya\u015fayan duyarl\u0131 bir aile, \u00e7evre bilincinin k\u00fc\u00e7\u00fck ya\u015fta kazan\u0131labilece\u011fine dair \u00f6rnek bir davran\u0131\u015fa imza att\u0131. 2,5 ya\u015f\u0131ndaki Elif Aden, anne ve babas\u0131yla birlikte gitti\u011fi \u00e7ocuk park\u0131nda yaln\u0131zca oyun oynamakla kalmad\u0131, parkta temizlik yaparak \u00e7evreye duyarl\u0131l\u0131k konusunda \u00f6nemli bir mesaj verdi. Ailesiyle birlikte do\u011faya ve \u00e7evreye duyarl\u0131 bir birey olarak yeti\u015fmesi i\u00e7in \u00e7e\u015fitli k\u00fc\u00e7\u00fck ama anlaml\u0131 aktiviteler yapan minik Elif, parktaki \u00e7\u00f6pleri toplayarak hem e\u011flendi hem de \u00e7evre temizli\u011fine katk\u0131 sa\u011flad\u0131. Aile, \u00e7ocuklara uygulamal\u0131 e\u011fitimle \u00f6rnek olman\u0131n \u00f6nemine dikkat \u00e7ekerken, bu k\u00fc\u00e7\u00fck \u00e7evre hareketinin ba\u015fka ailelere de ilham olabilece\u011fini d\u00fc\u015f\u00fcn\u00fcyor. K\u0131zlar\u0131 Elif Aden\u2019e \u00e7evre duyarl\u0131l\u0131\u011f\u0131 bilincini erken ya\u015fta kazand\u0131rd\u0131klar\u0131n\u0131 belirten anne ve baba, &#8220;Toplumda \u00e7evre ve do\u011fa bilincinin k\u00fc\u00e7\u00fck ya\u015flarda ba\u015flad\u0131\u011f\u0131na inan\u0131yoruz. Elif Aden\u2019e hayvan sevgisi, \u00e7evre temizli\u011fi ve do\u011faya sayg\u0131 gibi konularda fark\u0131ndal\u0131k kazand\u0131rmak i\u00e7in g\u00fcnl\u00fck hayat\u0131m\u0131zda basit ama etkili uygulamalar yap\u0131yoruz&#8221; dedi.<br \/><\/p>\n","protected":false},"excerpt":{"rendered":"<p>\u0130zmir\u2019de ya\u015fayan 2,5 ya\u015f\u0131ndaki Elif Aden, e\u011flenmek i\u00e7in gitti\u011fi \u00e7ocuk park\u0131nda yerlere at\u0131lan \u00e7\u00f6pleri toplayarak \u00f6rnek davran\u0131\u015f sergiledi. \u0130zmir\u2019de ya\u015fayan duyarl\u0131 bir aile, \u00e7evre bilincinin k\u00fc\u00e7\u00fck ya\u015fta kazan\u0131labilece\u011fine dair \u00f6rnek bir davran\u0131\u015fa imza att\u0131. 2,5 ya\u015f\u0131ndaki Elif Aden, anne ve babas\u0131yla birlikte gitti\u011fi \u00e7ocuk park\u0131nda yaln\u0131zca oyun oynamakla kalmad\u0131, parkta temizlik yaparak \u00e7evreye duyarl\u0131l\u0131k konusunda&#8230;<\/p>\n","protected":false},"author":1,"featured_media":43263,"comment_status":"open","ping_status":"open","sticky":false,"template":"","format":"standard","meta":{"_crdt_document":"","footnotes":""},"categories":[123],"tags":[],"class_list":["post-43262","post","type-post","status-publish","format-standard","has-post-thumbnail","hentry","category-gundem"],"_links":{"self":[{"href":"https:\/\/www.egemtv.com\/index.php?rest_route=\/wp\/v2\/posts\/43262","targetHints":{"allow":["GET"]}}],"collection":[{"href":"https:\/\/www.egemtv.com\/index.php?rest_route=\/wp\/v2\/posts"}],"about":[{"href":"https:\/\/www.egemtv.com\/index.php?rest_route=\/wp\/v2\/types\/post"}],"author":[{"embeddable":true,"href":"https:\/\/www.egemtv.com\/index.php?rest_route=\/wp\/v2\/users\/1"}],"replies":[{"embeddable":true,"href":"https:\/\/www.egemtv.com\/index.php?rest_route=%2Fwp%2Fv2%2Fcomments&post=43262"}],"version-history":[{"count":1,"href":"https:\/\/www.egemtv.com\/index.php?rest_route=\/wp\/v2\/posts\/43262\/revisions"}],"predecessor-version":[{"id":43264,"href":"https:\/\/www.egemtv.com\/index.php?rest_route=\/wp\/v2\/posts\/43262\/revisions\/43264"}],"wp:featuredmedia":[{"embeddable":true,"href":"https:\/\/www.egemtv.com\/index.php?rest_route=\/wp\/v2\/media\/43263"}],"wp:attachment":[{"href":"https:\/\/www.egemtv.com\/index.php?rest_route=%2Fwp%2Fv2%2Fmedia&parent=43262"}],"wp:term":[{"taxonomy":"category","embeddable":true,"href":"https:\/\/www.egemtv.com\/index.php?rest_route=%2Fwp%2Fv2%2Fcategories&post=43262"},{"taxonomy":"post_tag","embeddable":true,"href":"https:\/\/www.egemtv.com\/index.php?rest_route=%2Fwp%2Fv2%2Ftags&post=43262"}],"curies":[{"name":"wp","href":"https:\/\/api.w.org\/{rel}","templated":true}]}}