{"id":43259,"date":"2025-07-20T11:56:41","date_gmt":"2025-07-20T08:56:41","guid":{"rendered":"https:\/\/www.egemtv.com\/?p=43259"},"modified":"2025-07-20T11:56:44","modified_gmt":"2025-07-20T08:56:44","slug":"yagmur-denizliden-kick-boksta-tarihi-zafer","status":"publish","type":"post","link":"https:\/\/www.egemtv.com\/?p=43259","title":{"rendered":"Ya\u011fmur Denizli\u2019den kick boksta tarihi zafer"},"content":{"rendered":"<p>Kick boksun en zorlu bran\u015flar\u0131ndan biri olan K-1 stilinde, 52 kilogram kategorisinde m\u00fccadele eden Ya\u011fmur Denizli, hem D\u00fcnya Kupas\u0131 \u015eampiyonu hem de T\u00fcrkiye \u015eampiyonu olarak ad\u0131n\u0131 zirveye yazd\u0131rd\u0131.<\/p>\n<p>T\u00fcm y\u0131l boyunca \u00e7\u0131kt\u0131\u011f\u0131 ma\u00e7larda ma\u011flubiyet y\u00fcz\u00fc g\u00f6rmeyen gen\u00e7 sporcu Ya\u011fmur Denizli, 2025 sezonunu nama\u011flup tamamlayarak b\u00fcy\u00fck bir ba\u015far\u0131ya imza att\u0131. Bu sonu\u00e7larla birlikte Kick Boks Milli Tak\u0131m\u0131\u2019na se\u00e7ilen Ya\u011fmur, ayn\u0131 zamanda Denizli\u2019nin bu y\u0131lki tek milli sporcusu olmay\u0131 da ba\u015fard\u0131.<\/p>\n<p>Hen\u00fcz gen\u00e7 ya\u015f\u0131nda b\u00f6ylesine prestijli ba\u015far\u0131lar\u0131 arka arkaya elde eden Ya\u011fmur Denizli, \u015fimdi g\u00f6z\u00fcn\u00fc \u0130talya\u2019da d\u00fczenlenecek olan Avrupa Gen\u00e7ler Kick Boks \u015eampiyonas\u0131\u2019na dikti. T\u00fcrk Bayra\u011f\u0131n\u0131 Avrupa arenas\u0131nda dalgaland\u0131racak olan Ya\u011fmur\u2019un bu yolculu\u011fu, hem ailesi hem de memleketi i\u00e7in ayr\u0131 bir gurur vesilesi oldu.<\/p>\n<p>Ba\u015far\u0131 hik\u00e2yesine bir ba\u015fka anlam katan detay ise Ya\u011fmur Denizli\u2019nin antren\u00f6r\u00fc olan G\u00f6khan Denizli\u2019nin ayn\u0131 zamanda abisi olmas\u0131. Milli sporcular yeti\u015ftiren ve Self Control Fight Academy\u2019nin kurucusu olan G\u00f6khan Denizli, bu \u00f6zel ba\u015far\u0131y\u0131 hem bir antren\u00f6r hem de bir a\u011fabey olarak ya\u015faman\u0131n gururunu ta\u015f\u0131yor. G\u00f6khan Denizli, konu hakk\u0131nda \u015fu a\u00e7\u0131klamalarda bulundu:<br \/>\n<br \/>&#8220;Ya\u011fmur\u2019un ba\u015far\u0131s\u0131 hem profesyonel hem de ki\u015fisel a\u00e7\u0131dan benim i\u00e7in \u00e7ok de\u011ferli. Disiplinli \u00e7al\u0131\u015fmay\u0131 hayat felsefesi haline getirdi. 52 kg K-1 stilinde T\u00fcrkiye ve d\u00fcnya \u015fampiyonlu\u011fu kazanmak kolay de\u011fil. Ama o her zorlu\u011fu cesaretle a\u015ft\u0131. Y\u0131llard\u0131r \u00fczerinde \u00e7al\u0131\u015ft\u0131\u011f\u0131m\u0131z e\u011fitim sistemimizin kar\u015f\u0131l\u0131\u011f\u0131n\u0131 bu \u015fekilde almak bizi motive ediyor. Art\u0131k hedefimiz, Avrupa\u2019da da \u015fampiyonluk ve \u00fclkemizi en iyi \u015fekilde temsil etmek.&#8221;<br \/><\/p>\n","protected":false},"excerpt":{"rendered":"<p>Kick boksun en zorlu bran\u015flar\u0131ndan biri olan K-1 stilinde, 52 kilogram kategorisinde m\u00fccadele eden Ya\u011fmur Denizli, hem D\u00fcnya Kupas\u0131 \u015eampiyonu hem de T\u00fcrkiye \u015eampiyonu olarak ad\u0131n\u0131 zirveye yazd\u0131rd\u0131. T\u00fcm y\u0131l boyunca \u00e7\u0131kt\u0131\u011f\u0131 ma\u00e7larda ma\u011flubiyet y\u00fcz\u00fc g\u00f6rmeyen gen\u00e7 sporcu Ya\u011fmur Denizli, 2025 sezonunu nama\u011flup tamamlayarak b\u00fcy\u00fck bir ba\u015far\u0131ya imza att\u0131. Bu sonu\u00e7larla birlikte Kick Boks Milli&#8230;<\/p>\n","protected":false},"author":1,"featured_media":43260,"comment_status":"open","ping_status":"open","sticky":false,"template":"","format":"standard","meta":{"_crdt_document":"","footnotes":""},"categories":[4],"tags":[],"class_list":["post-43259","post","type-post","status-publish","format-standard","has-post-thumbnail","hentry","category-spor"],"_links":{"self":[{"href":"https:\/\/www.egemtv.com\/index.php?rest_route=\/wp\/v2\/posts\/43259","targetHints":{"allow":["GET"]}}],"collection":[{"href":"https:\/\/www.egemtv.com\/index.php?rest_route=\/wp\/v2\/posts"}],"about":[{"href":"https:\/\/www.egemtv.com\/index.php?rest_route=\/wp\/v2\/types\/post"}],"author":[{"embeddable":true,"href":"https:\/\/www.egemtv.com\/index.php?rest_route=\/wp\/v2\/users\/1"}],"replies":[{"embeddable":true,"href":"https:\/\/www.egemtv.com\/index.php?rest_route=%2Fwp%2Fv2%2Fcomments&post=43259"}],"version-history":[{"count":1,"href":"https:\/\/www.egemtv.com\/index.php?rest_route=\/wp\/v2\/posts\/43259\/revisions"}],"predecessor-version":[{"id":43261,"href":"https:\/\/www.egemtv.com\/index.php?rest_route=\/wp\/v2\/posts\/43259\/revisions\/43261"}],"wp:featuredmedia":[{"embeddable":true,"href":"https:\/\/www.egemtv.com\/index.php?rest_route=\/wp\/v2\/media\/43260"}],"wp:attachment":[{"href":"https:\/\/www.egemtv.com\/index.php?rest_route=%2Fwp%2Fv2%2Fmedia&parent=43259"}],"wp:term":[{"taxonomy":"category","embeddable":true,"href":"https:\/\/www.egemtv.com\/index.php?rest_route=%2Fwp%2Fv2%2Fcategories&post=43259"},{"taxonomy":"post_tag","embeddable":true,"href":"https:\/\/www.egemtv.com\/index.php?rest_route=%2Fwp%2Fv2%2Ftags&post=43259"}],"curies":[{"name":"wp","href":"https:\/\/api.w.org\/{rel}","templated":true}]}}