{"id":43256,"date":"2025-07-20T11:56:38","date_gmt":"2025-07-20T08:56:38","guid":{"rendered":"https:\/\/www.egemtv.com\/?p=43256"},"modified":"2025-07-20T11:56:41","modified_gmt":"2025-07-20T08:56:41","slug":"milletvekili-un-vahsi-madencilik-kar-disinda-hicbir-degeri-tanimiyor","status":"publish","type":"post","link":"https:\/\/www.egemtv.com\/?p=43256","title":{"rendered":"Milletvekili \u00dcn; &#8220;Vah\u015fi madencilik kar d\u0131\u015f\u0131nda hi\u00e7bir de\u011feri tan\u0131m\u0131yor&#8221;"},"content":{"rendered":"<p>Gelecek Partisi Denizli Milletvekili Sema Silkin \u00dcn, TBMM\u2019de g\u00f6r\u00fc\u015f\u00fclen maden yasa teklifine, &#8220;Bu yasa do\u011fay\u0131 meta, madeni ise kutsal g\u00f6r\u00fcyor. Zeytinli\u011fe kep\u00e7e girerken, adalete ve vicdana da giriyor&#8221; diyerek tepki g\u00f6sterdi.<\/p>\n<p>T\u00fcrkiye B\u00fcy\u00fck Millet Meclisi\u2019nde g\u00f6r\u00fc\u015f\u00fclen yeni maden yasas\u0131 teklifine y\u00f6nelik tart\u0131\u015fmalar b\u00fcy\u00fcrken, Gelecek Partisi Denizli Milletvekili Sema Silkin \u00dcn, k\u00fcrs\u00fcden yapt\u0131\u011f\u0131 konu\u015fmayla dikkat \u00e7ekti. Milletvekili \u00dcn, yasa teklifinin yaln\u0131zca yer alt\u0131 kaynaklar\u0131n\u0131 de\u011fil, do\u011fay\u0131, k\u00f6yl\u00fcy\u00fc, k\u0131rsal ekonomiyi ve toplumsal adaleti tehdit etti\u011fini vurgulayarak sert ele\u015ftirilerde bulundu. \u00dcn, &#8220;Bug\u00fcn konu\u015ftu\u011fumuz yasa, topraklar\u0131m\u0131z\u0131n derinliklerindeki zenginliklerin halk\u0131n yarar\u0131na kullan\u0131lmas\u0131n\u0131 de\u011fil; do\u011faya, ya\u015fam hakk\u0131na hoyrat\u00e7a sald\u0131ran bir sistemin \u00f6n\u00fcn\u00fc a\u00e7may\u0131 konu\u015fturuyor&#8221; dedi.<\/p>\n<p>Maden ve enerji projeleri u\u011fruna zeytinliklerin, meralar\u0131n, ormanlar\u0131n ve k\u00f6yl\u00fcn\u00fcn ge\u00e7im kaynaklar\u0131n\u0131n g\u00f6zden \u00e7\u0131kar\u0131ld\u0131\u011f\u0131n\u0131 ileri s\u00fcren \u00dcn, yasa teklifinin torba yasa mant\u0131\u011f\u0131yla \u00e7ok say\u0131da d\u00fczenlemeyi tek bir metin alt\u0131nda toplad\u0131\u011f\u0131na dikkat \u00e7ekerek, &#8220;Maden Kanunu\u2019ndan Zeytincilik Kanununa, Mera Kanunundan Orman ve \u00c7evre Kanunlar\u0131na kadar bir\u00e7ok temel yasal d\u00fczenleme bu teklifin i\u00e7inde birer birer h\u00fck\u00fcms\u00fcz k\u0131l\u0131n\u0131yor. Zeytinlikler ta\u015f\u0131nabilir meta, meralar enerji projelerine uygun arazi, ormanlar ise sermayeye ucuz kaynak haline getiriliyor&#8221; diye konu\u015ftu.<\/p>\n<p>Hat\u0131rlatma yapt\u0131<br \/>\n<br \/>Kaz Da\u011flar\u0131\u2019nda talan edilen ormanlar\u0131, Fatsa\u2019daki siyan\u00fcrle zehirlenen topraklar\u0131 ve \u0130li\u00e7\u2019te toprak alt\u0131nda kalan i\u015f\u00e7ileri hat\u0131rlatan \u00dcn, bu \u00f6rneklerin vah\u015fi madencili\u011fin kar d\u0131\u015f\u0131nda hi\u00e7bir de\u011feri tan\u0131mad\u0131\u011f\u0131n\u0131 a\u00e7\u0131k\u00e7a g\u00f6sterdi\u011fini ifade etti. Teklifin \u00c7evresel Etki De\u011ferlendirme (\u00c7ED) s\u00fcre\u00e7lerini zay\u0131flatt\u0131\u011f\u0131n\u0131, kurum g\u00f6r\u00fc\u015flerinin s\u00fcresini k\u0131s\u0131tlad\u0131\u011f\u0131n\u0131, sessizlik halinde otomatik onay getirdi\u011fini ve y\u00f6re halk\u0131n\u0131n itiraz hakk\u0131n\u0131 pratikte ortadan kald\u0131rd\u0131\u011f\u0131n\u0131 vurgulayan \u00dcn, Maden ve Petrol \u0130\u015fleri Genel M\u00fcd\u00fcrl\u00fc\u011f\u00fc\u2019ne ola\u011fan\u00fcst\u00fc yetkiler tan\u0131nmas\u0131n\u0131n ve siyasi bir kurulun karar verici hale getirilmesinin de demokratik denetimi zay\u0131flatt\u0131\u011f\u0131na i\u015faret etti.<\/p>\n<p>&#8220;Bu yasa yaln\u0131zca do\u011fay\u0131 de\u011fil, ge\u00e7imlik tar\u0131m\u0131, k\u0131rsal ekonomiyi, halk sa\u011fl\u0131\u011f\u0131n\u0131, toplumsal adaleti de tehdit ediyor&#8221; diyen \u00dcn, ge\u00e7ti\u011fimiz hafta TBMM\u2019den ge\u00e7en \u2018\u0130klim Kanununu\u2019 hat\u0131rlatarak; &#8220;Ge\u00e7en hafta iklim diyorsunuz, bu hafta maden ruhsat\u0131 bas\u0131yorsunuz. Bir g\u00fcn \u2018ye\u015fil kalk\u0131nma\u2019 deyip ertesi g\u00fcn orman k\u0131y\u0131m\u0131 yapan anlay\u0131\u015ftan biz ne do\u011faya ne de millete hay\u0131r bekliyoruz. Biz Allah\u2019\u0131n \u00fczerine yemin etti\u011fi bir meyvenin kanununu konu\u015fuyoruz. Zeytinin bereketini, k\u00fclt\u00fcr\u00fcn\u00fc, medeniyetini ta\u015f\u0131maya kalk\u0131yorsunuz. Bir defa kullan\u0131l\u0131p at\u0131lacak bir maden i\u00e7in binlerce y\u0131ll\u0131k birikimi heba edemezsiniz. Bu ko\u015fullarda bu yasaya \u2019evet\u2019 deme vebaline giremeyiz. Biz \u2019hay\u0131r\u2019 diyece\u011fiz&#8221; \u015feklinde konu\u015ftu.<br \/><\/p>\n","protected":false},"excerpt":{"rendered":"<p>Gelecek Partisi Denizli Milletvekili Sema Silkin \u00dcn, TBMM\u2019de g\u00f6r\u00fc\u015f\u00fclen maden yasa teklifine, &#8220;Bu yasa do\u011fay\u0131 meta, madeni ise kutsal g\u00f6r\u00fcyor. Zeytinli\u011fe kep\u00e7e girerken, adalete ve vicdana da giriyor&#8221; diyerek tepki g\u00f6sterdi. T\u00fcrkiye B\u00fcy\u00fck Millet Meclisi\u2019nde g\u00f6r\u00fc\u015f\u00fclen yeni maden yasas\u0131 teklifine y\u00f6nelik tart\u0131\u015fmalar b\u00fcy\u00fcrken, Gelecek Partisi Denizli Milletvekili Sema Silkin \u00dcn, k\u00fcrs\u00fcden yapt\u0131\u011f\u0131 konu\u015fmayla dikkat \u00e7ekti&#8230;.<\/p>\n","protected":false},"author":1,"featured_media":43257,"comment_status":"open","ping_status":"open","sticky":false,"template":"","format":"standard","meta":{"_crdt_document":"","footnotes":""},"categories":[127],"tags":[],"class_list":["post-43256","post","type-post","status-publish","format-standard","has-post-thumbnail","hentry","category-siyaset"],"_links":{"self":[{"href":"https:\/\/www.egemtv.com\/index.php?rest_route=\/wp\/v2\/posts\/43256","targetHints":{"allow":["GET"]}}],"collection":[{"href":"https:\/\/www.egemtv.com\/index.php?rest_route=\/wp\/v2\/posts"}],"about":[{"href":"https:\/\/www.egemtv.com\/index.php?rest_route=\/wp\/v2\/types\/post"}],"author":[{"embeddable":true,"href":"https:\/\/www.egemtv.com\/index.php?rest_route=\/wp\/v2\/users\/1"}],"replies":[{"embeddable":true,"href":"https:\/\/www.egemtv.com\/index.php?rest_route=%2Fwp%2Fv2%2Fcomments&post=43256"}],"version-history":[{"count":1,"href":"https:\/\/www.egemtv.com\/index.php?rest_route=\/wp\/v2\/posts\/43256\/revisions"}],"predecessor-version":[{"id":43258,"href":"https:\/\/www.egemtv.com\/index.php?rest_route=\/wp\/v2\/posts\/43256\/revisions\/43258"}],"wp:featuredmedia":[{"embeddable":true,"href":"https:\/\/www.egemtv.com\/index.php?rest_route=\/wp\/v2\/media\/43257"}],"wp:attachment":[{"href":"https:\/\/www.egemtv.com\/index.php?rest_route=%2Fwp%2Fv2%2Fmedia&parent=43256"}],"wp:term":[{"taxonomy":"category","embeddable":true,"href":"https:\/\/www.egemtv.com\/index.php?rest_route=%2Fwp%2Fv2%2Fcategories&post=43256"},{"taxonomy":"post_tag","embeddable":true,"href":"https:\/\/www.egemtv.com\/index.php?rest_route=%2Fwp%2Fv2%2Ftags&post=43256"}],"curies":[{"name":"wp","href":"https:\/\/api.w.org\/{rel}","templated":true}]}}