{"id":43250,"date":"2025-07-20T11:37:06","date_gmt":"2025-07-20T08:37:06","guid":{"rendered":"https:\/\/www.egemtv.com\/?p=43250"},"modified":"2025-07-20T11:37:10","modified_gmt":"2025-07-20T08:37:10","slug":"camelinde-7-gun-surecek-festival-coskusu-icin-geri-sayim-basladi","status":"publish","type":"post","link":"https:\/\/www.egemtv.com\/?p=43250","title":{"rendered":"\u00c7ameli\u2019nde 7 g\u00fcn s\u00fcrecek festival co\u015fkusu i\u00e7in geri say\u0131m ba\u015flad\u0131"},"content":{"rendered":"<p>17 A\u011fustos tarihleri aras\u0131nda yap\u0131laca\u011f\u0131n\u0131 belirtti.<\/p>\n<p>\u00c7ameli Belediye Ba\u015fkan\u0131 Cengiz Arslan, yapt\u0131\u011f\u0131 a\u00e7\u0131klamada; &#8220;\u0130l\u00e7emizde bu y\u0131l 9.\u2019uncusunu d\u00fczenleyece\u011fimiz \u00c7ameli K\u00fclt\u00fcr, Turizm, Tar\u0131m ve Do\u011fa Sporlar\u0131 Festivali i\u00e7in t\u00fcm haz\u0131rl\u0131klar\u0131m\u0131z\u0131 tamamlad\u0131k. 11 \u2013 17 A\u011fustos 2025 tarihleri aras\u0131nda ger\u00e7ekle\u015fecek festivalimizde, \u00c7ameli dopdolu konserler, birbirinden renkli etkinlikler ve do\u011fayla i\u00e7 i\u00e7e unutulmaz anlarla co\u015facak. Sanat\u00e7\u0131lar, g\u00f6steriler, spor ve e\u011flencenin yan\u0131 s\u0131ra k\u00fclt\u00fcrel etkinlikler 7 g\u00fcn boyunca bir arada olacak. T\u00fcm halk\u0131m\u0131z davetlidir&#8221; dedi.<br \/><\/p>\n","protected":false},"excerpt":{"rendered":"<p>17 A\u011fustos tarihleri aras\u0131nda yap\u0131laca\u011f\u0131n\u0131 belirtti. \u00c7ameli Belediye Ba\u015fkan\u0131 Cengiz Arslan, yapt\u0131\u011f\u0131 a\u00e7\u0131klamada; &#8220;\u0130l\u00e7emizde bu y\u0131l 9.\u2019uncusunu d\u00fczenleyece\u011fimiz \u00c7ameli K\u00fclt\u00fcr, Turizm, Tar\u0131m ve Do\u011fa Sporlar\u0131 Festivali i\u00e7in t\u00fcm haz\u0131rl\u0131klar\u0131m\u0131z\u0131 tamamlad\u0131k. 11 \u2013 17 A\u011fustos 2025 tarihleri aras\u0131nda ger\u00e7ekle\u015fecek festivalimizde, \u00c7ameli dopdolu konserler, birbirinden renkli etkinlikler ve do\u011fayla i\u00e7 i\u00e7e unutulmaz anlarla co\u015facak. Sanat\u00e7\u0131lar, g\u00f6steriler, spor&#8230;<\/p>\n","protected":false},"author":1,"featured_media":43251,"comment_status":"open","ping_status":"open","sticky":false,"template":"","format":"standard","meta":{"_crdt_document":"","footnotes":""},"categories":[1],"tags":[],"class_list":["post-43250","post","type-post","status-publish","format-standard","has-post-thumbnail","hentry","category-guncel"],"_links":{"self":[{"href":"https:\/\/www.egemtv.com\/index.php?rest_route=\/wp\/v2\/posts\/43250","targetHints":{"allow":["GET"]}}],"collection":[{"href":"https:\/\/www.egemtv.com\/index.php?rest_route=\/wp\/v2\/posts"}],"about":[{"href":"https:\/\/www.egemtv.com\/index.php?rest_route=\/wp\/v2\/types\/post"}],"author":[{"embeddable":true,"href":"https:\/\/www.egemtv.com\/index.php?rest_route=\/wp\/v2\/users\/1"}],"replies":[{"embeddable":true,"href":"https:\/\/www.egemtv.com\/index.php?rest_route=%2Fwp%2Fv2%2Fcomments&post=43250"}],"version-history":[{"count":1,"href":"https:\/\/www.egemtv.com\/index.php?rest_route=\/wp\/v2\/posts\/43250\/revisions"}],"predecessor-version":[{"id":43252,"href":"https:\/\/www.egemtv.com\/index.php?rest_route=\/wp\/v2\/posts\/43250\/revisions\/43252"}],"wp:featuredmedia":[{"embeddable":true,"href":"https:\/\/www.egemtv.com\/index.php?rest_route=\/wp\/v2\/media\/43251"}],"wp:attachment":[{"href":"https:\/\/www.egemtv.com\/index.php?rest_route=%2Fwp%2Fv2%2Fmedia&parent=43250"}],"wp:term":[{"taxonomy":"category","embeddable":true,"href":"https:\/\/www.egemtv.com\/index.php?rest_route=%2Fwp%2Fv2%2Fcategories&post=43250"},{"taxonomy":"post_tag","embeddable":true,"href":"https:\/\/www.egemtv.com\/index.php?rest_route=%2Fwp%2Fv2%2Ftags&post=43250"}],"curies":[{"name":"wp","href":"https:\/\/api.w.org\/{rel}","templated":true}]}}