{"id":43244,"date":"2025-07-20T11:37:01","date_gmt":"2025-07-20T08:37:01","guid":{"rendered":"https:\/\/www.egemtv.com\/?p=43244"},"modified":"2025-07-20T11:37:03","modified_gmt":"2025-07-20T08:37:03","slug":"izmirde-bir-kadin-bosandigi-esi-tarafindan-bicaklanarak-olduruldu","status":"publish","type":"post","link":"https:\/\/www.egemtv.com\/?p=43244","title":{"rendered":"\u0130zmir\u2019de bir kad\u0131n, bo\u015fand\u0131\u011f\u0131 e\u015fi taraf\u0131ndan b\u0131\u00e7aklanarak \u00f6ld\u00fcr\u00fcld\u00fc"},"content":{"rendered":"<p>\u0130zmir\u2019in \u00c7i\u011fli il\u00e7esinde bo\u015fand\u0131\u011f\u0131 e\u015fiyle ayn\u0131 evde ya\u015fayan kad\u0131n, eski kocas\u0131 taraf\u0131ndan defalarca b\u0131\u00e7aklanarak hayat\u0131n\u0131 kaybetti.<br \/>\n<br \/>Olay, d\u00fcn sabah erken saatlerde \u00c7i\u011fli il\u00e7esi Balat\u00e7\u0131k Mahallesi 8953 Sokak\u2019ta meydana geldi. Edinilen bilgiye g\u00f6re, Demet Akarsu (45) ile eski e\u015fi Halil T. (46) aras\u0131nda hen\u00fcz bilinmeyen nedenle tart\u0131\u015fma \u00e7\u0131kt\u0131. Tart\u0131\u015fman\u0131n b\u00fcy\u00fcyerek kavgaya d\u00f6n\u00fc\u015fmesiyle Halil T. yan\u0131ndaki b\u0131\u00e7ak ile eski e\u015fi Demet Akarsu\u2019yu v\u00fccudunun \u00e7e\u015fitli yerlerinden b\u0131\u00e7aklad\u0131. Defalarca b\u0131\u00e7aklanan kad\u0131n\u0131n sesini duyan mahalle sakinleri durumu 112 Acil \u00c7a\u011fr\u0131 Merkezi\u2019ne bildirdi. \u0130hbar \u00fczerine b\u00f6lgeye polis ve sa\u011fl\u0131k ekipleri sevk edildi. Olay yerine gelen sa\u011fl\u0131k ekipleri taraf\u0131ndan yap\u0131lan ilk m\u00fcdahalenin ard\u0131ndan a\u011f\u0131r yaralanan kad\u0131n ambulansla Bak\u0131r\u00e7ay \u00dcniversitesi \u00c7i\u011fli E\u011fitim ve Ara\u015ft\u0131rma Hastanesine kald\u0131r\u0131ld\u0131. Demet Akarsu burada yap\u0131lan t\u00fcm m\u00fcdahalelere ra\u011fmen ya\u015faman\u0131 yitirdi. Polis ekiplerince g\u00f6zalt\u0131na al\u0131nan Halil T. \u0130l Emniyet M\u00fcd\u00fcrl\u00fc\u011f\u00fc Asayi\u015f \u015eubesi Cinayet B\u00fcro Amirli\u011findeki i\u015flemlerinin ard\u0131ndan adliyeye sevk edilerek tutukland\u0131. Demet Akarsu\u2019nun cenazesi bug\u00fcn ikindi namaz\u0131na m\u00fcteakip k\u0131l\u0131nacak namaz\u0131n ard\u0131ndan Do\u011fan\u00e7ay Mezarl\u0131\u011f\u0131\u2019na defnedilecek. \u00d6te yandan Halil T. ile Demet Akarsu\u2019nun bu y\u0131l haziran ay\u0131nda bo\u015fand\u0131klar\u0131 ancak birlikte ya\u015famaya devam ettikleri \u00f6\u011frenildi.<br \/><\/p>\n","protected":false},"excerpt":{"rendered":"<p>\u0130zmir\u2019in \u00c7i\u011fli il\u00e7esinde bo\u015fand\u0131\u011f\u0131 e\u015fiyle ayn\u0131 evde ya\u015fayan kad\u0131n, eski kocas\u0131 taraf\u0131ndan defalarca b\u0131\u00e7aklanarak hayat\u0131n\u0131 kaybetti. Olay, d\u00fcn sabah erken saatlerde \u00c7i\u011fli il\u00e7esi Balat\u00e7\u0131k Mahallesi 8953 Sokak\u2019ta meydana geldi. Edinilen bilgiye g\u00f6re, Demet Akarsu (45) ile eski e\u015fi Halil T. (46) aras\u0131nda hen\u00fcz bilinmeyen nedenle tart\u0131\u015fma \u00e7\u0131kt\u0131. Tart\u0131\u015fman\u0131n b\u00fcy\u00fcyerek kavgaya d\u00f6n\u00fc\u015fmesiyle Halil T. yan\u0131ndaki b\u0131\u00e7ak&#8230;<\/p>\n","protected":false},"author":1,"featured_media":43245,"comment_status":"open","ping_status":"open","sticky":false,"template":"","format":"standard","meta":{"_crdt_document":"","footnotes":""},"categories":[5],"tags":[],"class_list":["post-43244","post","type-post","status-publish","format-standard","has-post-thumbnail","hentry","category-asayis"],"_links":{"self":[{"href":"https:\/\/www.egemtv.com\/index.php?rest_route=\/wp\/v2\/posts\/43244","targetHints":{"allow":["GET"]}}],"collection":[{"href":"https:\/\/www.egemtv.com\/index.php?rest_route=\/wp\/v2\/posts"}],"about":[{"href":"https:\/\/www.egemtv.com\/index.php?rest_route=\/wp\/v2\/types\/post"}],"author":[{"embeddable":true,"href":"https:\/\/www.egemtv.com\/index.php?rest_route=\/wp\/v2\/users\/1"}],"replies":[{"embeddable":true,"href":"https:\/\/www.egemtv.com\/index.php?rest_route=%2Fwp%2Fv2%2Fcomments&post=43244"}],"version-history":[{"count":1,"href":"https:\/\/www.egemtv.com\/index.php?rest_route=\/wp\/v2\/posts\/43244\/revisions"}],"predecessor-version":[{"id":43246,"href":"https:\/\/www.egemtv.com\/index.php?rest_route=\/wp\/v2\/posts\/43244\/revisions\/43246"}],"wp:featuredmedia":[{"embeddable":true,"href":"https:\/\/www.egemtv.com\/index.php?rest_route=\/wp\/v2\/media\/43245"}],"wp:attachment":[{"href":"https:\/\/www.egemtv.com\/index.php?rest_route=%2Fwp%2Fv2%2Fmedia&parent=43244"}],"wp:term":[{"taxonomy":"category","embeddable":true,"href":"https:\/\/www.egemtv.com\/index.php?rest_route=%2Fwp%2Fv2%2Fcategories&post=43244"},{"taxonomy":"post_tag","embeddable":true,"href":"https:\/\/www.egemtv.com\/index.php?rest_route=%2Fwp%2Fv2%2Ftags&post=43244"}],"curies":[{"name":"wp","href":"https:\/\/api.w.org\/{rel}","templated":true}]}}