{"id":43241,"date":"2025-07-20T11:17:02","date_gmt":"2025-07-20T08:17:02","guid":{"rendered":"https:\/\/www.egemtv.com\/?p=43241"},"modified":"2025-07-20T11:17:04","modified_gmt":"2025-07-20T08:17:04","slug":"karacasuda-ormanlarda-siki-denetim","status":"publish","type":"post","link":"https:\/\/www.egemtv.com\/?p=43241","title":{"rendered":"Karacasu\u2019da ormanlarda s\u0131k\u0131 denetim"},"content":{"rendered":"<p>Ayd\u0131n\u2019\u0131n Karacasu il\u00e7esinde yaz aylar\u0131n\u0131n gelmesiyle birlikte artan s\u0131cakl\u0131klar sonras\u0131 orman yang\u0131n\u0131 riskine kar\u015f\u0131 denetimler s\u0131k\u0131la\u015ft\u0131r\u0131ld\u0131.<\/p>\n<p>Karacasu Kaymakaml\u0131\u011f\u0131ndan yap\u0131lan a\u00e7\u0131klamada, \u00f6zellikle yang\u0131n tehlikesinin artt\u0131\u011f\u0131 bu d\u00f6nemde ekiplerin sahadaki \u00e7al\u0131\u015fmalar\u0131n\u0131 aral\u0131ks\u0131z s\u00fcrd\u00fcrd\u00fc\u011f\u00fc belirtildi. Kolluk kuvvetlerinin dron destekli denetimlerle 24 saat g\u00f6rev ba\u015f\u0131nda oldu\u011funu bildiren Kaymakaml\u0131k, vatanda\u015flar\u0131n duyarl\u0131 davranarak do\u011fay\u0131 hep birlikte korumas\u0131 gerekti\u011fine dikkat \u00e7ekti. A\u00e7\u0131klamada ayr\u0131ca, mevcut yasaklar kapsam\u0131nda ormanl\u0131k alanlara izinsiz giri\u015flere izin verilmedi\u011fi hat\u0131rlat\u0131larak kurallara riayet edilmesinin \u00f6nemine vurgu yap\u0131ld\u0131.<br \/><\/p>\n","protected":false},"excerpt":{"rendered":"<p>Ayd\u0131n\u2019\u0131n Karacasu il\u00e7esinde yaz aylar\u0131n\u0131n gelmesiyle birlikte artan s\u0131cakl\u0131klar sonras\u0131 orman yang\u0131n\u0131 riskine kar\u015f\u0131 denetimler s\u0131k\u0131la\u015ft\u0131r\u0131ld\u0131. Karacasu Kaymakaml\u0131\u011f\u0131ndan yap\u0131lan a\u00e7\u0131klamada, \u00f6zellikle yang\u0131n tehlikesinin artt\u0131\u011f\u0131 bu d\u00f6nemde ekiplerin sahadaki \u00e7al\u0131\u015fmalar\u0131n\u0131 aral\u0131ks\u0131z s\u00fcrd\u00fcrd\u00fc\u011f\u00fc belirtildi. Kolluk kuvvetlerinin dron destekli denetimlerle 24 saat g\u00f6rev ba\u015f\u0131nda oldu\u011funu bildiren Kaymakaml\u0131k, vatanda\u015flar\u0131n duyarl\u0131 davranarak do\u011fay\u0131 hep birlikte korumas\u0131 gerekti\u011fine dikkat \u00e7ekti. A\u00e7\u0131klamada&#8230;<\/p>\n","protected":false},"author":1,"featured_media":43242,"comment_status":"open","ping_status":"open","sticky":false,"template":"","format":"standard","meta":{"_crdt_document":"","footnotes":""},"categories":[1],"tags":[],"class_list":["post-43241","post","type-post","status-publish","format-standard","has-post-thumbnail","hentry","category-guncel"],"_links":{"self":[{"href":"https:\/\/www.egemtv.com\/index.php?rest_route=\/wp\/v2\/posts\/43241","targetHints":{"allow":["GET"]}}],"collection":[{"href":"https:\/\/www.egemtv.com\/index.php?rest_route=\/wp\/v2\/posts"}],"about":[{"href":"https:\/\/www.egemtv.com\/index.php?rest_route=\/wp\/v2\/types\/post"}],"author":[{"embeddable":true,"href":"https:\/\/www.egemtv.com\/index.php?rest_route=\/wp\/v2\/users\/1"}],"replies":[{"embeddable":true,"href":"https:\/\/www.egemtv.com\/index.php?rest_route=%2Fwp%2Fv2%2Fcomments&post=43241"}],"version-history":[{"count":1,"href":"https:\/\/www.egemtv.com\/index.php?rest_route=\/wp\/v2\/posts\/43241\/revisions"}],"predecessor-version":[{"id":43243,"href":"https:\/\/www.egemtv.com\/index.php?rest_route=\/wp\/v2\/posts\/43241\/revisions\/43243"}],"wp:featuredmedia":[{"embeddable":true,"href":"https:\/\/www.egemtv.com\/index.php?rest_route=\/wp\/v2\/media\/43242"}],"wp:attachment":[{"href":"https:\/\/www.egemtv.com\/index.php?rest_route=%2Fwp%2Fv2%2Fmedia&parent=43241"}],"wp:term":[{"taxonomy":"category","embeddable":true,"href":"https:\/\/www.egemtv.com\/index.php?rest_route=%2Fwp%2Fv2%2Fcategories&post=43241"},{"taxonomy":"post_tag","embeddable":true,"href":"https:\/\/www.egemtv.com\/index.php?rest_route=%2Fwp%2Fv2%2Ftags&post=43241"}],"curies":[{"name":"wp","href":"https:\/\/api.w.org\/{rel}","templated":true}]}}