{"id":43238,"date":"2025-07-20T11:17:00","date_gmt":"2025-07-20T08:17:00","guid":{"rendered":"https:\/\/www.egemtv.com\/?p=43238"},"modified":"2025-07-20T11:17:02","modified_gmt":"2025-07-20T08:17:02","slug":"gediz-21-geleneksel-tarhana-festivali-coskuyla-basladi","status":"publish","type":"post","link":"https:\/\/www.egemtv.com\/?p=43238","title":{"rendered":"Gediz 21. Geleneksel Tarhana Festivali co\u015fkuyla ba\u015flad\u0131"},"content":{"rendered":"<p>K\u00fctahya\u2019n\u0131n Gediz il\u00e7esinde, y\u00f6resel lezzeti ve k\u00fclt\u00fcrel zenginli\u011fiyle \u00f6ne \u00e7\u0131kan 21. Geleneksel Tarhana Festivali, Adnan Menderes Ya\u015fam Park\u0131\u2019nda d\u00fczenlenen g\u00f6rkemli bir t\u00f6renle kap\u0131lar\u0131n\u0131 a\u00e7t\u0131.<br \/>\n<br \/>Adnan Menderes Ya\u015fam Park\u0131\u2019nda d\u00fczenlenen 21. Geleneksel Tarhana Festivali\u2019nin a\u00e7\u0131l\u0131\u015f t\u00f6renine K\u00fctahya Valisi Musa I\u015f\u0131n, MHP K\u00fctahya Milletvekili Ahmet Erba\u015f, Gediz Kaymakam\u0131 Emrah Uzun, Belediye Ba\u015fkan\u0131 Necdet Akel, \u00e7evre il\u00e7e ve belde belediye ba\u015fkanlar\u0131 ile \u00e7ok say\u0131da protokol \u00fcyesi ve vatanda\u015f kat\u0131l\u0131m sa\u011flad\u0131.<br \/>\n<br \/>Vali ve protokol \u00fcyeler davul zurnalarla kar\u015f\u0131land\u0131. Festivalde kaza bela olmamas\u0131 ad\u0131na kurban kesimi ger\u00e7kle\u015ftirildi.<br \/>\n<br \/>Festivalin a\u00e7\u0131l\u0131\u015f\u0131nda konu\u015fan Gediz Belediye Ba\u015fkan\u0131 Necdet Akel, tarhanan\u0131n Gediz i\u00e7in sadece bir yemek olmaktan \u00f6te, bir ya\u015fam bi\u00e7imi ve k\u00f6kl\u00fc bir gelenek oldu\u011funu vurgulad\u0131. Akel, &#8220;Bug\u00fcn burada sadece bir \u00e7orbay\u0131 de\u011fil, ge\u00e7mi\u015fimizi, eme\u011fimizi, birli\u011fimizi ve Gediz\u2019in k\u00fclt\u00fcrel zenginli\u011fini birlikte kutluyoruz. \u0130l\u00e7emizde her y\u0131l 750 ton i\u015fletmeler taraf\u0131ndan, 50 ton da evlerde \u00fcretilmektedir. Bu rakamlar, Gediz\u2019in \u00fcretim g\u00fcc\u00fcn\u00fcn ve bu kadim gelene\u011fe ne kadar sahip \u00e7\u0131kt\u0131\u011f\u0131n\u0131n kan\u0131t\u0131d\u0131r. Gediz T\u00fcrkiye\u2019de tarhanan\u0131n adeta ba\u015fkentidir. Do\u011fal ve kat\u0131ks\u0131z kad\u0131nlar\u0131m\u0131z\u0131n el eme\u011fi ile art\u0131k \u00fclkemizin d\u00f6rt bir taraf\u0131nda sofralara konuk oluyor. Bu festivalle amac\u0131m\u0131z sadece tarhanay\u0131 tan\u0131tmak de\u011fil, \u00fcreticimizi desteklemek, yerel ekonomimize katk\u0131 sa\u011flamak ve k\u00fclt\u00fcrel de\u011ferlerimizi ya\u015fatmakt\u0131r&#8221; dedi.<br \/>\n<br \/>Ba\u015fkan Akel, festival s\u00fcresince g\u00fcn boyu etkinlikler, \u00e7e\u015fitli yar\u0131\u015fmalar, toplu s\u00fcnnet \u015f\u00f6leni ve ak\u015famlar\u0131 d\u00fczenlenecek konserlerle keyifli anlar ya\u015fanaca\u011f\u0131n\u0131 belirtirken, stant a\u00e7an t\u00fcm esnaflara, \u00fcreticilere ve kad\u0131n giri\u015fimcilere te\u015fekk\u00fcrlerini iletti.<br \/>\n<br \/>MHP K\u00fctahya Milletvekili Ahmet Erba\u015f ise Gediz Tarhana Festivali\u2019nin art\u0131k bir festivalden \u00f6te, bir k\u00fclt\u00fcr abidesi haline geldi\u011fini ifade etti. Erba\u015f, &#8220;Ge\u00e7mi\u015fin gelece\u011fe aktar\u0131m\u0131n\u0131n bir ba\u015fka \u015fekli. Tarhana festivalinin ilk olu\u015fumundan bu yana annelerimize, ablalar\u0131m\u0131za, karde\u015flerimize \u00e7ok te\u015fekk\u00fcr ediyorum. \u0130yi ki bu tarhanayla u\u011fra\u015ft\u0131n\u0131z. \u0130yi ki bu tarhanay\u0131 T\u00fcrkiye\u2019ye \u00f6\u011frettiniz. Sizin sayenizde t\u00fcm T\u00fcrkiye tarhanay\u0131 ve Gediz\u2019i \u00f6\u011frenmi\u015f oldu. Bu festivalde ilk ba\u015flang\u0131c\u0131ndan itibaren eme\u011fi ge\u00e7en herkese unvan\u0131 ne olursa olsun \u015fahs\u0131m ve partim ad\u0131na \u00e7ok te\u015fekk\u00fcr ediyorum. Buraya kat\u0131lan 600 esnafa bol kazan\u00e7lar diliyorum. En k\u00f6t\u00fc g\u00fcn\u00fcm\u00fcz b\u00f6yle olsun dileklerimi sunuyorum&#8221; \u015feklinde konu\u015ftu.<br \/>\n<br \/>K\u00fctahya Valisi Musa I\u015f\u0131n, T\u00fcrkiye\u2019nin her il ve il\u00e7esinde \u00e7ok g\u00fczel geleneklerin oldu\u011funu belirterek, toplumun kayna\u015fmas\u0131, k\u00fclt\u00fcrlerin ve geleneklerin geli\u015fmesi, \u00fcretimin payla\u015f\u0131lmas\u0131n\u0131n g\u00fcndeme gelmesi i\u00e7in festivallerin \u00f6nemine de\u011findi. Vali I\u015f\u0131n, &#8220;Gediz Tarhanas\u0131 me\u015fhur bir tarhana. Kendi ismi ile de tescil edilmi\u015ftir. 21 y\u0131ld\u0131r yap\u0131lan bu festival sadece bir \u00fcr\u00fcn\u00fcn tan\u0131t\u0131lmas\u0131ndan \u00f6te bir k\u00fclt\u00fcrel al\u0131\u015fveri\u015fin, kayna\u015fman\u0131n bir sembol\u00fc haline gelmi\u015ftir tarhana. Bizim ilimiz \u00e7ok fazla g\u00fczelliklere sahiptir. K\u00fctahyam\u0131z il\u00e7eleriyle birlikte hem yemek konusunda hem \u00fcr\u00fcn konusunda, hem yer alt\u0131 yer \u00fcst\u00fc zenginlikleriyle, hem co\u011frafyas\u0131n\u0131n g\u00fczelli\u011fi ile \u00e7ok muhte\u015fem bir yere sahiptir. Bu ilin k\u0131ymetini hepimiz bilelim. Bu g\u00fczelli\u011fi payla\u015fal\u0131m. \u0130limiz bir huzur \u015fehri. Bu g\u00fczelli\u011fi korumak i\u00e7in gayret g\u00f6sterelim. \u00c7ocuklar\u0131m\u0131za sahip \u00e7\u0131kal\u0131m. Onlar\u0131 k\u00f6t\u00fc al\u0131\u015fkanl\u0131klardan koruyal\u0131m. Bu festivali tertip eden belediye ba\u015fkan\u0131m\u0131za, ekibine ve eme\u011fi ge\u00e7en herkese te\u015fekk\u00fcr ederim&#8221; dedi.<br \/>\n<br \/>M\u00fcft\u00fc Sebahattin Turan\u2019\u0131n duas\u0131yla ba\u015flayan t\u00f6rende, protokol \u00fcyeleri stantlar\u0131 tek tek gezerek vatanda\u015flarla sohbet etti. Festival alan\u0131nda kurulan tan\u0131t\u0131m k\u00f6\u015fesinde, y\u00f6re halk\u0131n\u0131n y\u0131llard\u0131r emekle haz\u0131rlad\u0131\u011f\u0131 farkl\u0131 \u00e7e\u015fitte tarhanalar ziyaret\u00e7ilere ikram edildi. Vali Musa I\u015f\u0131n, Milletvekili Ahmet Erba\u015f, Kaymakam Emrah Uzun ve Belediye Ba\u015fkan\u0131 Necdet Akel, vatanda\u015flara kendi elleriyle tarhana \u00e7orbas\u0131 da\u011f\u0131tarak festival co\u015fkusuna ortak oldu.<br \/><\/p>\n","protected":false},"excerpt":{"rendered":"<p>K\u00fctahya\u2019n\u0131n Gediz il\u00e7esinde, y\u00f6resel lezzeti ve k\u00fclt\u00fcrel zenginli\u011fiyle \u00f6ne \u00e7\u0131kan 21. Geleneksel Tarhana Festivali, Adnan Menderes Ya\u015fam Park\u0131\u2019nda d\u00fczenlenen g\u00f6rkemli bir t\u00f6renle kap\u0131lar\u0131n\u0131 a\u00e7t\u0131. Adnan Menderes Ya\u015fam Park\u0131\u2019nda d\u00fczenlenen 21. Geleneksel Tarhana Festivali\u2019nin a\u00e7\u0131l\u0131\u015f t\u00f6renine K\u00fctahya Valisi Musa I\u015f\u0131n, MHP K\u00fctahya Milletvekili Ahmet Erba\u015f, Gediz Kaymakam\u0131 Emrah Uzun, Belediye Ba\u015fkan\u0131 Necdet Akel, \u00e7evre il\u00e7e ve&#8230;<\/p>\n","protected":false},"author":1,"featured_media":43239,"comment_status":"open","ping_status":"open","sticky":false,"template":"","format":"standard","meta":{"_crdt_document":"","footnotes":""},"categories":[1],"tags":[],"class_list":["post-43238","post","type-post","status-publish","format-standard","has-post-thumbnail","hentry","category-guncel"],"_links":{"self":[{"href":"https:\/\/www.egemtv.com\/index.php?rest_route=\/wp\/v2\/posts\/43238","targetHints":{"allow":["GET"]}}],"collection":[{"href":"https:\/\/www.egemtv.com\/index.php?rest_route=\/wp\/v2\/posts"}],"about":[{"href":"https:\/\/www.egemtv.com\/index.php?rest_route=\/wp\/v2\/types\/post"}],"author":[{"embeddable":true,"href":"https:\/\/www.egemtv.com\/index.php?rest_route=\/wp\/v2\/users\/1"}],"replies":[{"embeddable":true,"href":"https:\/\/www.egemtv.com\/index.php?rest_route=%2Fwp%2Fv2%2Fcomments&post=43238"}],"version-history":[{"count":1,"href":"https:\/\/www.egemtv.com\/index.php?rest_route=\/wp\/v2\/posts\/43238\/revisions"}],"predecessor-version":[{"id":43240,"href":"https:\/\/www.egemtv.com\/index.php?rest_route=\/wp\/v2\/posts\/43238\/revisions\/43240"}],"wp:featuredmedia":[{"embeddable":true,"href":"https:\/\/www.egemtv.com\/index.php?rest_route=\/wp\/v2\/media\/43239"}],"wp:attachment":[{"href":"https:\/\/www.egemtv.com\/index.php?rest_route=%2Fwp%2Fv2%2Fmedia&parent=43238"}],"wp:term":[{"taxonomy":"category","embeddable":true,"href":"https:\/\/www.egemtv.com\/index.php?rest_route=%2Fwp%2Fv2%2Fcategories&post=43238"},{"taxonomy":"post_tag","embeddable":true,"href":"https:\/\/www.egemtv.com\/index.php?rest_route=%2Fwp%2Fv2%2Ftags&post=43238"}],"curies":[{"name":"wp","href":"https:\/\/api.w.org\/{rel}","templated":true}]}}