{"id":43235,"date":"2025-07-20T11:16:57","date_gmt":"2025-07-20T08:16:57","guid":{"rendered":"https:\/\/www.egemtv.com\/?p=43235"},"modified":"2025-07-20T11:16:59","modified_gmt":"2025-07-20T08:16:59","slug":"didimde-yaz-aksamlari-turkulerle-senlendi","status":"publish","type":"post","link":"https:\/\/www.egemtv.com\/?p=43235","title":{"rendered":"Didim\u2019de yaz ak\u015famlar\u0131 t\u00fcrk\u00fclerle \u015fenlendi"},"content":{"rendered":"<p>K\u00fclt\u00fcr, sanat ve m\u00fczi\u011fin bulu\u015fma noktas\u0131 olan Didim, yaz ak\u015famlar\u0131na renk katan anlaml\u0131 bir konsere ev sahipli\u011fi yapt\u0131. Didim Belediyesi\u2019nin katk\u0131lar\u0131yla, Didim T\u00fcrk\u00fc Grubu taraf\u0131ndan d\u00fczenlenen yaz konseri, m\u00fczikseverlere duygu dolu anlar ya\u015fatt\u0131.<\/p>\n<p>Didim Belediyesi Gen\u00e7lik Merkezi ve D\u0130GEM Sanat Akademisi\u2019nde ger\u00e7ekle\u015fen konserin \u015fefli\u011fini Selahattin Ayd\u0131n \u00fcstlenirken, sunuculu\u011funu da Suna \u00c7uhadar\u2019\u0131n yapt\u0131. Konserde T\u00fcrk Halk M\u00fczi\u011fi\u2019nin se\u00e7kin eserleri seslendirildi. Dinleyicilerin e\u015flik etti\u011fi t\u00fcrk\u00fcler, salonu adeta bir ortak ezgiye d\u00f6n\u00fc\u015ft\u00fcr\u00fcrken, konser boyunca b\u00fcy\u00fck bir co\u015fku ve duygu hakim oldu. Konserin sonunda Didim Belediye Ba\u015fkan\u0131 Hatice Gen\u00e7ay, Didim T\u00fcrk\u00fc Grubu \u015eefi Selahattin Ayd\u0131n\u2019a te\u015fekk\u00fcr plaketi takdim ederek eme\u011fi ge\u00e7en t\u00fcm sanat\u00e7\u0131lara te\u015fekk\u00fcr etti.<\/p>\n<p>Ba\u015fkan Gen\u00e7ay konu\u015fmas\u0131nda, &#8220;K\u00fclt\u00fcrel etkinliklerimizle Didim\u2019in sanatla i\u00e7 i\u00e7e bir \u015fehir olma vizyonunu s\u00fcrd\u00fcr\u00fcyoruz. Yaz ak\u015famlar\u0131n\u0131 halk m\u00fczi\u011fimizin birle\u015ftirici g\u00fcc\u00fcyle ta\u00e7land\u0131rmak bizler i\u00e7in b\u00fcy\u00fck bir mutluluk. Emek veren herkese g\u00f6n\u00fclden te\u015fekk\u00fcr ediyorum&#8221; ifadelerini kulland\u0131.<\/p>\n<p>Konsere Didim Belediye Ba\u015fkan\u0131 Hatice Gen\u00e7ay, Belediye Ba\u015fkan Yard\u0131mc\u0131s\u0131 Aydan A\u015f\u0131k Turgut ve \u00e7ok say\u0131da Didimli vatanda\u015f kat\u0131ld\u0131. Didim Belediyesi\u2019nin yaz sezonu boyunca k\u00fclt\u00fcr ve sanat dolu etkinliklerle halk\u0131 bir araya getirmeye devam edece\u011fi belirtildi.<br \/><\/p>\n","protected":false},"excerpt":{"rendered":"<p>K\u00fclt\u00fcr, sanat ve m\u00fczi\u011fin bulu\u015fma noktas\u0131 olan Didim, yaz ak\u015famlar\u0131na renk katan anlaml\u0131 bir konsere ev sahipli\u011fi yapt\u0131. Didim Belediyesi\u2019nin katk\u0131lar\u0131yla, Didim T\u00fcrk\u00fc Grubu taraf\u0131ndan d\u00fczenlenen yaz konseri, m\u00fczikseverlere duygu dolu anlar ya\u015fatt\u0131. Didim Belediyesi Gen\u00e7lik Merkezi ve D\u0130GEM Sanat Akademisi\u2019nde ger\u00e7ekle\u015fen konserin \u015fefli\u011fini Selahattin Ayd\u0131n \u00fcstlenirken, sunuculu\u011funu da Suna \u00c7uhadar\u2019\u0131n yapt\u0131. Konserde T\u00fcrk Halk&#8230;<\/p>\n","protected":false},"author":1,"featured_media":43236,"comment_status":"open","ping_status":"open","sticky":false,"template":"","format":"standard","meta":{"_crdt_document":"","footnotes":""},"categories":[1],"tags":[],"class_list":["post-43235","post","type-post","status-publish","format-standard","has-post-thumbnail","hentry","category-guncel"],"_links":{"self":[{"href":"https:\/\/www.egemtv.com\/index.php?rest_route=\/wp\/v2\/posts\/43235","targetHints":{"allow":["GET"]}}],"collection":[{"href":"https:\/\/www.egemtv.com\/index.php?rest_route=\/wp\/v2\/posts"}],"about":[{"href":"https:\/\/www.egemtv.com\/index.php?rest_route=\/wp\/v2\/types\/post"}],"author":[{"embeddable":true,"href":"https:\/\/www.egemtv.com\/index.php?rest_route=\/wp\/v2\/users\/1"}],"replies":[{"embeddable":true,"href":"https:\/\/www.egemtv.com\/index.php?rest_route=%2Fwp%2Fv2%2Fcomments&post=43235"}],"version-history":[{"count":1,"href":"https:\/\/www.egemtv.com\/index.php?rest_route=\/wp\/v2\/posts\/43235\/revisions"}],"predecessor-version":[{"id":43237,"href":"https:\/\/www.egemtv.com\/index.php?rest_route=\/wp\/v2\/posts\/43235\/revisions\/43237"}],"wp:featuredmedia":[{"embeddable":true,"href":"https:\/\/www.egemtv.com\/index.php?rest_route=\/wp\/v2\/media\/43236"}],"wp:attachment":[{"href":"https:\/\/www.egemtv.com\/index.php?rest_route=%2Fwp%2Fv2%2Fmedia&parent=43235"}],"wp:term":[{"taxonomy":"category","embeddable":true,"href":"https:\/\/www.egemtv.com\/index.php?rest_route=%2Fwp%2Fv2%2Fcategories&post=43235"},{"taxonomy":"post_tag","embeddable":true,"href":"https:\/\/www.egemtv.com\/index.php?rest_route=%2Fwp%2Fv2%2Ftags&post=43235"}],"curies":[{"name":"wp","href":"https:\/\/api.w.org\/{rel}","templated":true}]}}