{"id":43232,"date":"2025-07-20T10:54:50","date_gmt":"2025-07-20T07:54:50","guid":{"rendered":"https:\/\/www.egemtv.com\/?p=43232"},"modified":"2025-07-20T10:54:51","modified_gmt":"2025-07-20T07:54:51","slug":"nazilli-devlet-hastanesinde-gorevli-doktor-hayatini-kaybetti","status":"publish","type":"post","link":"https:\/\/www.egemtv.com\/?p=43232","title":{"rendered":"Nazilli Devlet Hastanesi\u2019nde g\u00f6revli doktor hayat\u0131n\u0131 kaybetti"},"content":{"rendered":"<p>Ayd\u0131n\u2019\u0131n Nazilli il\u00e7esinde g\u00f6rev yapan Uzman Doktor \u0130smail Ayd\u0131n, ge\u00e7irdi\u011fi ani rahats\u0131zl\u0131k sonucu hayat\u0131n\u0131 kaybetti.<\/p>\n<p>Uzman Doktor \u0130smail Ayd\u0131n\u2019\u0131n \u00f6l\u00fcm haberini Ayd\u0131n \u0130l Sa\u011fl\u0131k M\u00fcd\u00fcr\u00fc Dr. Eser \u015eenkul yapt\u0131\u011f\u0131 a\u00e7\u0131klama ile duyurdu. \u015eenkul yapt\u0131\u011f\u0131 a\u00e7\u0131klamada, &#8220;Nazilli Devlet Hastanesi\u2019nde g\u00f6rev yapan k\u0131ymetli hekimlerimizden Uzm. Dr. \u0130smail Ayd\u0131n\u2019\u0131n ani rahats\u0131zl\u0131k sonucu vefat etti\u011fini derin bir \u00fcz\u00fcnt\u00fcyle \u00f6\u011frendim. Merhuma Allah\u2019tan rahmet, ailesine, sevenlerine ve t\u00fcm sa\u011fl\u0131k camiam\u0131za ba\u015fsa\u011fl\u0131\u011f\u0131 diliyorum&#8221; ifadelerini kulland\u0131.<\/p>\n<p>Hayat\u0131n\u0131 kaybeden Dr. \u0130smail Ayd\u0131n\u2019\u0131n cenazesinin 20 Temmuz 2025 Pazar g\u00fcn\u00fc, \u00f6\u011fle namaz\u0131na m\u00fcteakip memleketi Bozdo\u011fan il\u00e7esi Haydere Mahallesi\u2019nde topra\u011fa verilece\u011fi \u00f6\u011frenildi.<br \/><\/p>\n","protected":false},"excerpt":{"rendered":"<p>Ayd\u0131n\u2019\u0131n Nazilli il\u00e7esinde g\u00f6rev yapan Uzman Doktor \u0130smail Ayd\u0131n, ge\u00e7irdi\u011fi ani rahats\u0131zl\u0131k sonucu hayat\u0131n\u0131 kaybetti. Uzman Doktor \u0130smail Ayd\u0131n\u2019\u0131n \u00f6l\u00fcm haberini Ayd\u0131n \u0130l Sa\u011fl\u0131k M\u00fcd\u00fcr\u00fc Dr. Eser \u015eenkul yapt\u0131\u011f\u0131 a\u00e7\u0131klama ile duyurdu. \u015eenkul yapt\u0131\u011f\u0131 a\u00e7\u0131klamada, &#8220;Nazilli Devlet Hastanesi\u2019nde g\u00f6rev yapan k\u0131ymetli hekimlerimizden Uzm. Dr. \u0130smail Ayd\u0131n\u2019\u0131n ani rahats\u0131zl\u0131k sonucu vefat etti\u011fini derin bir \u00fcz\u00fcnt\u00fcyle \u00f6\u011frendim&#8230;.<\/p>\n","protected":false},"author":1,"featured_media":43233,"comment_status":"open","ping_status":"open","sticky":false,"template":"","format":"standard","meta":{"_crdt_document":"","footnotes":""},"categories":[1],"tags":[],"class_list":["post-43232","post","type-post","status-publish","format-standard","has-post-thumbnail","hentry","category-guncel"],"_links":{"self":[{"href":"https:\/\/www.egemtv.com\/index.php?rest_route=\/wp\/v2\/posts\/43232","targetHints":{"allow":["GET"]}}],"collection":[{"href":"https:\/\/www.egemtv.com\/index.php?rest_route=\/wp\/v2\/posts"}],"about":[{"href":"https:\/\/www.egemtv.com\/index.php?rest_route=\/wp\/v2\/types\/post"}],"author":[{"embeddable":true,"href":"https:\/\/www.egemtv.com\/index.php?rest_route=\/wp\/v2\/users\/1"}],"replies":[{"embeddable":true,"href":"https:\/\/www.egemtv.com\/index.php?rest_route=%2Fwp%2Fv2%2Fcomments&post=43232"}],"version-history":[{"count":1,"href":"https:\/\/www.egemtv.com\/index.php?rest_route=\/wp\/v2\/posts\/43232\/revisions"}],"predecessor-version":[{"id":43234,"href":"https:\/\/www.egemtv.com\/index.php?rest_route=\/wp\/v2\/posts\/43232\/revisions\/43234"}],"wp:featuredmedia":[{"embeddable":true,"href":"https:\/\/www.egemtv.com\/index.php?rest_route=\/wp\/v2\/media\/43233"}],"wp:attachment":[{"href":"https:\/\/www.egemtv.com\/index.php?rest_route=%2Fwp%2Fv2%2Fmedia&parent=43232"}],"wp:term":[{"taxonomy":"category","embeddable":true,"href":"https:\/\/www.egemtv.com\/index.php?rest_route=%2Fwp%2Fv2%2Fcategories&post=43232"},{"taxonomy":"post_tag","embeddable":true,"href":"https:\/\/www.egemtv.com\/index.php?rest_route=%2Fwp%2Fv2%2Ftags&post=43232"}],"curies":[{"name":"wp","href":"https:\/\/api.w.org\/{rel}","templated":true}]}}