{"id":43229,"date":"2025-07-20T00:34:56","date_gmt":"2025-07-19T21:34:56","guid":{"rendered":"https:\/\/www.egemtv.com\/?p=43229"},"modified":"2025-07-20T00:34:58","modified_gmt":"2025-07-19T21:34:58","slug":"hayvan-pazarligi-hirsizliga-donustu-sahislar-kacamadan-yakalandi","status":"publish","type":"post","link":"https:\/\/www.egemtv.com\/?p=43229","title":{"rendered":"Hayvan pazarl\u0131\u011f\u0131 h\u0131rs\u0131zl\u0131\u011fa d\u00f6n\u00fc\u015ft\u00fc, \u015fah\u0131slar ka\u00e7amadan yakaland\u0131"},"content":{"rendered":"<p>Isparta\u2019n\u0131n G\u00f6nen il\u00e7esinde 32 k\u00fc\u00e7\u00fckba\u015f hayvan\u0131 \u00fccretini \u00f6demeden ka\u00e7\u0131ran \u015f\u00fcpheliler, U\u015fak\u2019\u0131n E\u015fme il\u00e7esinde jandarma ekiplerince yakaland\u0131. Hayvanlar sahibine teslim edilirken, iki \u015f\u00fcpheli adli makamlara sevk edildi.<br \/>\n<br \/>Isparta\u2019n\u0131n G\u00f6nen il\u00e7esine ba\u011fl\u0131 Senirce k\u00f6y\u00fcnde 17 Temmuz Per\u015fembe g\u00fcn\u00fc meydana gelen olayda, bir vatanda\u015f 32 adet k\u00fc\u00e7\u00fckba\u015f hayvan\u0131n\u0131 satmak \u00fczere anla\u015ft\u0131\u011f\u0131 ki\u015filerin, hayvanlar\u0131 araca y\u00fckleyip \u00fccretini \u00f6demeden ka\u00e7t\u0131\u011f\u0131 y\u00f6n\u00fcnde jandarmaya ihbarda bulundu. Olay\u0131n ard\u0131ndan G\u00f6nen \u0130l\u00e7e Jandarma Komutanl\u0131\u011f\u0131 ekipleri taraf\u0131ndan yap\u0131lan PTS (Plaka Tan\u0131ma Sistemi) ve g\u00fcvenlik kameras\u0131 incelemeleri sonucu, \u015f\u00fcpheli arac\u0131n plakas\u0131 tespit edildi. Arac\u0131n U\u015fak ili istikametine do\u011fru ilerledi\u011fi belirlenmesi \u00fczerine, \u00e7evre illerle koordinasyon kuruldu. U\u015fak \u0130l Jandarma Komutanl\u0131\u011f\u0131\u2019na ba\u011fl\u0131 E\u015fme \u0130l\u00e7e Jandarma Komutanl\u0131\u011f\u0131 ekipleri taraf\u0131ndan yap\u0131lan yol kontrol\u00fc neticesinde, \u015f\u00fcpheli ara\u00e7 durdurularak i\u00e7indeki 32 k\u00fc\u00e7\u00fckba\u015f hayvan ile birlikte 2 \u015f\u00fcpheli \u015fah\u0131s yakaland\u0131. Ele ge\u00e7irilen hayvanlar sahibine teslim edilirken, g\u00f6zalt\u0131na al\u0131nan \u015f\u00fcpheliler hakk\u0131nda adli i\u015flem ba\u015flat\u0131ld\u0131. \u0130\u015flemlerinin tamamlanmas\u0131n\u0131n ard\u0131ndan \u015f\u00fcpheliler, adli makamlara sevk edildi. Olayla ilgili soru\u015fturma devam ediyor.<br \/><\/p>\n","protected":false},"excerpt":{"rendered":"<p>Isparta\u2019n\u0131n G\u00f6nen il\u00e7esinde 32 k\u00fc\u00e7\u00fckba\u015f hayvan\u0131 \u00fccretini \u00f6demeden ka\u00e7\u0131ran \u015f\u00fcpheliler, U\u015fak\u2019\u0131n E\u015fme il\u00e7esinde jandarma ekiplerince yakaland\u0131. Hayvanlar sahibine teslim edilirken, iki \u015f\u00fcpheli adli makamlara sevk edildi. Isparta\u2019n\u0131n G\u00f6nen il\u00e7esine ba\u011fl\u0131 Senirce k\u00f6y\u00fcnde 17 Temmuz Per\u015fembe g\u00fcn\u00fc meydana gelen olayda, bir vatanda\u015f 32 adet k\u00fc\u00e7\u00fckba\u015f hayvan\u0131n\u0131 satmak \u00fczere anla\u015ft\u0131\u011f\u0131 ki\u015filerin, hayvanlar\u0131 araca y\u00fckleyip \u00fccretini \u00f6demeden ka\u00e7t\u0131\u011f\u0131&#8230;<\/p>\n","protected":false},"author":1,"featured_media":43230,"comment_status":"open","ping_status":"open","sticky":false,"template":"","format":"standard","meta":{"_crdt_document":"","footnotes":""},"categories":[5],"tags":[],"class_list":["post-43229","post","type-post","status-publish","format-standard","has-post-thumbnail","hentry","category-asayis"],"_links":{"self":[{"href":"https:\/\/www.egemtv.com\/index.php?rest_route=\/wp\/v2\/posts\/43229","targetHints":{"allow":["GET"]}}],"collection":[{"href":"https:\/\/www.egemtv.com\/index.php?rest_route=\/wp\/v2\/posts"}],"about":[{"href":"https:\/\/www.egemtv.com\/index.php?rest_route=\/wp\/v2\/types\/post"}],"author":[{"embeddable":true,"href":"https:\/\/www.egemtv.com\/index.php?rest_route=\/wp\/v2\/users\/1"}],"replies":[{"embeddable":true,"href":"https:\/\/www.egemtv.com\/index.php?rest_route=%2Fwp%2Fv2%2Fcomments&post=43229"}],"version-history":[{"count":1,"href":"https:\/\/www.egemtv.com\/index.php?rest_route=\/wp\/v2\/posts\/43229\/revisions"}],"predecessor-version":[{"id":43231,"href":"https:\/\/www.egemtv.com\/index.php?rest_route=\/wp\/v2\/posts\/43229\/revisions\/43231"}],"wp:featuredmedia":[{"embeddable":true,"href":"https:\/\/www.egemtv.com\/index.php?rest_route=\/wp\/v2\/media\/43230"}],"wp:attachment":[{"href":"https:\/\/www.egemtv.com\/index.php?rest_route=%2Fwp%2Fv2%2Fmedia&parent=43229"}],"wp:term":[{"taxonomy":"category","embeddable":true,"href":"https:\/\/www.egemtv.com\/index.php?rest_route=%2Fwp%2Fv2%2Fcategories&post=43229"},{"taxonomy":"post_tag","embeddable":true,"href":"https:\/\/www.egemtv.com\/index.php?rest_route=%2Fwp%2Fv2%2Ftags&post=43229"}],"curies":[{"name":"wp","href":"https:\/\/api.w.org\/{rel}","templated":true}]}}