{"id":43226,"date":"2025-07-19T23:54:56","date_gmt":"2025-07-19T20:54:56","guid":{"rendered":"https:\/\/www.egemtv.com\/?p=43226"},"modified":"2025-07-19T23:54:59","modified_gmt":"2025-07-19T20:54:59","slug":"feto-yalaniyla-70-yasindaki-vatandasi-dolandirdilar","status":"publish","type":"post","link":"https:\/\/www.egemtv.com\/?p=43226","title":{"rendered":"\u2019FET\u00d6\u2019 yalan\u0131yla 70 ya\u015f\u0131ndaki vatanda\u015f\u0131 doland\u0131rd\u0131lar"},"content":{"rendered":"<p>Manisa\u2019da kendilerini polis olarak tan\u0131tan doland\u0131r\u0131c\u0131lar, 70 ya\u015f\u0131ndaki vatanda\u015f\u0131 &#8220;Ad\u0131n\u0131z FET\u00d6 soru\u015fturmas\u0131na kar\u0131\u015ft\u0131&#8221; diyerek korkutup 1 milyon 200 bin TL\u2019sini ald\u0131. Olayla ilgili g\u00f6zalt\u0131na al\u0131nan 6 \u015f\u00fcpheliden 5\u2019i tutukland\u0131.<br \/>\n<br \/>Edinilen bilgiye g\u00f6re, M.G. (70) isimli vatanda\u015f\u0131 bilinmeyen bir numaradan arayan \u015f\u00fcpheliler, kimli\u011finin ter\u00f6r \u00f6rg\u00fct\u00fc FET\u00d6 ile ili\u015fkilendirildi\u011fini s\u00f6yleyerek, evindeki alt\u0131n ve paralar\u0131n incelenmesi gerekti\u011fini belirtti. Pani\u011fe kap\u0131lan M.G., toplam 1 milyon 200 bin TL\u2019yi doland\u0131r\u0131c\u0131lara teslim etti. Olayla ilgili Manisa \u0130l Emniyet M\u00fcd\u00fcrl\u00fc\u011f\u00fc Asayi\u015f \u015eube M\u00fcd\u00fcrl\u00fc\u011f\u00fc Doland\u0131r\u0131c\u0131l\u0131k B\u00fcro Amirli\u011fi ekipleri \u00e7al\u0131\u015fma ba\u015flatt\u0131. Ekiplerin titiz \u00e7al\u0131\u015fmalar\u0131 sonucu doland\u0131r\u0131c\u0131l\u0131k olay\u0131na kar\u0131\u015ft\u0131\u011f\u0131 belirlenen 6 ki\u015fi k\u0131sa s\u00fcrede yakalanarak g\u00f6zalt\u0131na al\u0131nd\u0131. Emniyetteki i\u015flemlerin ard\u0131ndan adliyeye sevk edilen \u015f\u00fcphelilerden R.\u00d6. (20) adli kontrol \u015fart\u0131yla serbest b\u0131rak\u0131ld\u0131. H.Y. (29), E.A. (33), H.O. (20), N.K. (20) ve S.E. (20) isimli 5 \u015f\u00fcpheli ise tutuklanarak cezaevine g\u00f6nderildi.<br \/><\/p>\n","protected":false},"excerpt":{"rendered":"<p>Manisa\u2019da kendilerini polis olarak tan\u0131tan doland\u0131r\u0131c\u0131lar, 70 ya\u015f\u0131ndaki vatanda\u015f\u0131 &#8220;Ad\u0131n\u0131z FET\u00d6 soru\u015fturmas\u0131na kar\u0131\u015ft\u0131&#8221; diyerek korkutup 1 milyon 200 bin TL\u2019sini ald\u0131. Olayla ilgili g\u00f6zalt\u0131na al\u0131nan 6 \u015f\u00fcpheliden 5\u2019i tutukland\u0131. Edinilen bilgiye g\u00f6re, M.G. (70) isimli vatanda\u015f\u0131 bilinmeyen bir numaradan arayan \u015f\u00fcpheliler, kimli\u011finin ter\u00f6r \u00f6rg\u00fct\u00fc FET\u00d6 ile ili\u015fkilendirildi\u011fini s\u00f6yleyerek, evindeki alt\u0131n ve paralar\u0131n incelenmesi gerekti\u011fini belirtti&#8230;.<\/p>\n","protected":false},"author":1,"featured_media":43227,"comment_status":"open","ping_status":"open","sticky":false,"template":"","format":"standard","meta":{"_crdt_document":"","footnotes":""},"categories":[5],"tags":[],"class_list":["post-43226","post","type-post","status-publish","format-standard","has-post-thumbnail","hentry","category-asayis"],"_links":{"self":[{"href":"https:\/\/www.egemtv.com\/index.php?rest_route=\/wp\/v2\/posts\/43226","targetHints":{"allow":["GET"]}}],"collection":[{"href":"https:\/\/www.egemtv.com\/index.php?rest_route=\/wp\/v2\/posts"}],"about":[{"href":"https:\/\/www.egemtv.com\/index.php?rest_route=\/wp\/v2\/types\/post"}],"author":[{"embeddable":true,"href":"https:\/\/www.egemtv.com\/index.php?rest_route=\/wp\/v2\/users\/1"}],"replies":[{"embeddable":true,"href":"https:\/\/www.egemtv.com\/index.php?rest_route=%2Fwp%2Fv2%2Fcomments&post=43226"}],"version-history":[{"count":1,"href":"https:\/\/www.egemtv.com\/index.php?rest_route=\/wp\/v2\/posts\/43226\/revisions"}],"predecessor-version":[{"id":43228,"href":"https:\/\/www.egemtv.com\/index.php?rest_route=\/wp\/v2\/posts\/43226\/revisions\/43228"}],"wp:featuredmedia":[{"embeddable":true,"href":"https:\/\/www.egemtv.com\/index.php?rest_route=\/wp\/v2\/media\/43227"}],"wp:attachment":[{"href":"https:\/\/www.egemtv.com\/index.php?rest_route=%2Fwp%2Fv2%2Fmedia&parent=43226"}],"wp:term":[{"taxonomy":"category","embeddable":true,"href":"https:\/\/www.egemtv.com\/index.php?rest_route=%2Fwp%2Fv2%2Fcategories&post=43226"},{"taxonomy":"post_tag","embeddable":true,"href":"https:\/\/www.egemtv.com\/index.php?rest_route=%2Fwp%2Fv2%2Ftags&post=43226"}],"curies":[{"name":"wp","href":"https:\/\/api.w.org\/{rel}","templated":true}]}}