{"id":43102,"date":"2025-07-19T11:36:02","date_gmt":"2025-07-19T08:36:02","guid":{"rendered":"https:\/\/www.egemtv.com\/?p=43102"},"modified":"2025-07-19T11:36:04","modified_gmt":"2025-07-19T08:36:04","slug":"porsuk-mesire-alani-ve-hobi-bahcelerine-ulasim-artik-daha-konforlu","status":"publish","type":"post","link":"https:\/\/www.egemtv.com\/?p=43102","title":{"rendered":"Porsuk Mesire Alan\u0131 ve Hobi Bah\u00e7eleri\u2019ne ula\u015f\u0131m art\u0131k daha konforlu"},"content":{"rendered":"<p>K\u00fctahya\u2019da vatanda\u015flar\u0131n yo\u011fun ilgi g\u00f6sterdi\u011fi Porsuk Mesire Alan\u0131 ve Hobi Bah\u00e7elerine ula\u015f\u0131m\u0131 sa\u011flayan yollarda y\u00fcr\u00fct\u00fclen so\u011fuk asfalt (sathi kaplama) \u00e7al\u0131\u015fmalar\u0131 tamamland\u0131.<br \/>\n<br \/>K\u00fctahya Belediye Ba\u015fkan\u0131 Ey\u00fcp Kahveci, tamamlanan \u00e7al\u0131\u015fmalar\u0131 yerinde inceledi. Belediye Ba\u015fkan Yard\u0131mc\u0131s\u0131 Osman Ortacl\u0131 ile birlikte b\u00f6lgeye giden Ba\u015fkan Kahveci, hem yap\u0131lan \u00e7al\u0131\u015fmalar\u0131 de\u011ferlendirdi hem de b\u00f6lge hakk\u0131nda yetkililerden bilgi ald\u0131.<br \/>\n<br \/>\u015eehir i\u00e7i ula\u015f\u0131m konforunu art\u0131rmak ve vatanda\u015flara daha g\u00fcvenli yollar sunmak i\u00e7in \u00e7al\u0131\u015fmalar\u0131n aral\u0131ks\u0131z s\u00fcrd\u00fc\u011f\u00fcn\u00fc vurgulayan Ba\u015fkan Kahveci, &#8220;Porsuk Mesire Alan\u0131 ve Hobi Bah\u00e7elerimize giden yollar art\u0131k daha konforlu hale geldi&#8221; dedi.<br \/>\n<br \/>K\u00fctahya Belediyesi, \u015fehir genelinde y\u00fcr\u00fctt\u00fc\u011f\u00fc yol ve altyap\u0131 \u00e7al\u0131\u015fmalar\u0131na kararl\u0131l\u0131kla devam ederek vatanda\u015flar\u0131n ya\u015fam kalitesini art\u0131rmay\u0131 hedefliyor.<br \/><\/p>\n","protected":false},"excerpt":{"rendered":"<p>K\u00fctahya\u2019da vatanda\u015flar\u0131n yo\u011fun ilgi g\u00f6sterdi\u011fi Porsuk Mesire Alan\u0131 ve Hobi Bah\u00e7elerine ula\u015f\u0131m\u0131 sa\u011flayan yollarda y\u00fcr\u00fct\u00fclen so\u011fuk asfalt (sathi kaplama) \u00e7al\u0131\u015fmalar\u0131 tamamland\u0131. K\u00fctahya Belediye Ba\u015fkan\u0131 Ey\u00fcp Kahveci, tamamlanan \u00e7al\u0131\u015fmalar\u0131 yerinde inceledi. Belediye Ba\u015fkan Yard\u0131mc\u0131s\u0131 Osman Ortacl\u0131 ile birlikte b\u00f6lgeye giden Ba\u015fkan Kahveci, hem yap\u0131lan \u00e7al\u0131\u015fmalar\u0131 de\u011ferlendirdi hem de b\u00f6lge hakk\u0131nda yetkililerden bilgi ald\u0131. \u015eehir i\u00e7i ula\u015f\u0131m&#8230;<\/p>\n","protected":false},"author":1,"featured_media":43103,"comment_status":"open","ping_status":"open","sticky":false,"template":"","format":"standard","meta":{"_crdt_document":"","footnotes":""},"categories":[1],"tags":[],"class_list":["post-43102","post","type-post","status-publish","format-standard","has-post-thumbnail","hentry","category-guncel"],"_links":{"self":[{"href":"https:\/\/www.egemtv.com\/index.php?rest_route=\/wp\/v2\/posts\/43102","targetHints":{"allow":["GET"]}}],"collection":[{"href":"https:\/\/www.egemtv.com\/index.php?rest_route=\/wp\/v2\/posts"}],"about":[{"href":"https:\/\/www.egemtv.com\/index.php?rest_route=\/wp\/v2\/types\/post"}],"author":[{"embeddable":true,"href":"https:\/\/www.egemtv.com\/index.php?rest_route=\/wp\/v2\/users\/1"}],"replies":[{"embeddable":true,"href":"https:\/\/www.egemtv.com\/index.php?rest_route=%2Fwp%2Fv2%2Fcomments&post=43102"}],"version-history":[{"count":1,"href":"https:\/\/www.egemtv.com\/index.php?rest_route=\/wp\/v2\/posts\/43102\/revisions"}],"predecessor-version":[{"id":43104,"href":"https:\/\/www.egemtv.com\/index.php?rest_route=\/wp\/v2\/posts\/43102\/revisions\/43104"}],"wp:featuredmedia":[{"embeddable":true,"href":"https:\/\/www.egemtv.com\/index.php?rest_route=\/wp\/v2\/media\/43103"}],"wp:attachment":[{"href":"https:\/\/www.egemtv.com\/index.php?rest_route=%2Fwp%2Fv2%2Fmedia&parent=43102"}],"wp:term":[{"taxonomy":"category","embeddable":true,"href":"https:\/\/www.egemtv.com\/index.php?rest_route=%2Fwp%2Fv2%2Fcategories&post=43102"},{"taxonomy":"post_tag","embeddable":true,"href":"https:\/\/www.egemtv.com\/index.php?rest_route=%2Fwp%2Fv2%2Ftags&post=43102"}],"curies":[{"name":"wp","href":"https:\/\/api.w.org\/{rel}","templated":true}]}}