{"id":43099,"date":"2025-07-19T11:35:59","date_gmt":"2025-07-19T08:35:59","guid":{"rendered":"https:\/\/www.egemtv.com\/?p=43099"},"modified":"2025-07-19T11:36:02","modified_gmt":"2025-07-19T08:36:02","slug":"sultanhisarda-hayvan-barinagi-projesinde-sona-gelindi","status":"publish","type":"post","link":"https:\/\/www.egemtv.com\/?p=43099","title":{"rendered":"Sultanhisar\u2019da hayvan bar\u0131na\u011f\u0131 projesinde sona gelindi"},"content":{"rendered":"<p>Ayd\u0131n\u2019\u0131n Sultanhisar il\u00e7esinde yap\u0131m\u0131na ba\u015flanan hayvan bak\u0131mevi ve bar\u0131nak projesinde sona yakla\u015f\u0131l\u0131rken, b\u00f6lgede incelemelerde bulunan Belediye Ba\u015fkan\u0131 Osman Y\u0131ld\u0131r\u0131mkaya; &#8220;Yasal zorunlulu\u011fumuz yok ama vicdani sorumlulu\u011fumuz var&#8221; diyerek projenin en k\u0131sa s\u00fcrede tamamlanaca\u011f\u0131n\u0131 belirtti.<\/p>\n<p>\u0130l\u00e7e genelinde \u00e7al\u0131\u015fmalar\u0131na devam eden Sultanhisar Belediyesi, sokak hayvanlar\u0131 i\u00e7in de haz\u0131rlad\u0131\u011f\u0131 bar\u0131nak ve bak\u0131mevi projesinde h\u0131z kesmiyor. 4 bin 209 metrekarelik alanda yap\u0131lan hayvan bak\u0131mevi ve bar\u0131nak projesi kapsam\u0131nda \u00e7al\u0131\u015fmalar\u0131 yerinde inceleyen Sultanhisar Belediye Ba\u015fkan\u0131 Osman Y\u0131ld\u0131r\u0131mkaya ise projede sona gelindi\u011fini duyurdu. \u0130l\u00e7e n\u00fcfusu 25 binin alt\u0131nda oldu\u011fu i\u00e7in yasal zorunluluk bulunmamas\u0131na ra\u011fmen projeye \u00f6nc\u00fcl\u00fck eden Sultanhisar Belediye Ba\u015fkan\u0131 Osman Y\u0131ld\u0131r\u0131mkaya, bar\u0131na\u011f\u0131n yakla\u015f\u0131k 4 bin 209 metrekarelik bir alanda, 300 hayvan kapasiteli olarak planland\u0131\u011f\u0131n\u0131 a\u00e7\u0131klad\u0131. Sosyal sorumluluk anlay\u0131\u015f\u0131yla hareket ettiklerini belirten Ba\u015fkan Y\u0131ld\u0131r\u0131mkaya; &#8220;Hayvan Bak\u0131mevi ve bar\u0131nak projemizde sona yakla\u015ft\u0131k. \u0130l\u00e7e n\u00fcfusumuz 25 binin alt\u0131nda oldu\u011fu i\u00e7in yasal zorunlulu\u011fumuz bulunmamas\u0131na ra\u011fmen 4 bin 209 metrekarelik alanda yakla\u015f\u0131k 300 hayvan kapasiteli olarak yap\u0131m\u0131na ba\u015flad\u0131\u011f\u0131m\u0131z bar\u0131nak projemizde sona yakla\u015ft\u0131k. \u0130l\u00e7e halk\u0131m\u0131z\u0131n sa\u011fl\u0131\u011f\u0131 ve g\u00fcvenli\u011fi a\u00e7\u0131s\u0131ndan y\u00fcr\u00fctt\u00fc\u011f\u00fcm\u00fcz sosyal sorumluluk projemizi en k\u0131sa s\u00fcrede tamamlayarak faaliyete ge\u00e7irece\u011fiz&#8221; dedi.<br \/><\/p>\n","protected":false},"excerpt":{"rendered":"<p>Ayd\u0131n\u2019\u0131n Sultanhisar il\u00e7esinde yap\u0131m\u0131na ba\u015flanan hayvan bak\u0131mevi ve bar\u0131nak projesinde sona yakla\u015f\u0131l\u0131rken, b\u00f6lgede incelemelerde bulunan Belediye Ba\u015fkan\u0131 Osman Y\u0131ld\u0131r\u0131mkaya; &#8220;Yasal zorunlulu\u011fumuz yok ama vicdani sorumlulu\u011fumuz var&#8221; diyerek projenin en k\u0131sa s\u00fcrede tamamlanaca\u011f\u0131n\u0131 belirtti. \u0130l\u00e7e genelinde \u00e7al\u0131\u015fmalar\u0131na devam eden Sultanhisar Belediyesi, sokak hayvanlar\u0131 i\u00e7in de haz\u0131rlad\u0131\u011f\u0131 bar\u0131nak ve bak\u0131mevi projesinde h\u0131z kesmiyor. 4 bin 209 metrekarelik&#8230;<\/p>\n","protected":false},"author":1,"featured_media":43100,"comment_status":"open","ping_status":"open","sticky":false,"template":"","format":"standard","meta":{"_crdt_document":"","footnotes":""},"categories":[1],"tags":[],"class_list":["post-43099","post","type-post","status-publish","format-standard","has-post-thumbnail","hentry","category-guncel"],"_links":{"self":[{"href":"https:\/\/www.egemtv.com\/index.php?rest_route=\/wp\/v2\/posts\/43099","targetHints":{"allow":["GET"]}}],"collection":[{"href":"https:\/\/www.egemtv.com\/index.php?rest_route=\/wp\/v2\/posts"}],"about":[{"href":"https:\/\/www.egemtv.com\/index.php?rest_route=\/wp\/v2\/types\/post"}],"author":[{"embeddable":true,"href":"https:\/\/www.egemtv.com\/index.php?rest_route=\/wp\/v2\/users\/1"}],"replies":[{"embeddable":true,"href":"https:\/\/www.egemtv.com\/index.php?rest_route=%2Fwp%2Fv2%2Fcomments&post=43099"}],"version-history":[{"count":1,"href":"https:\/\/www.egemtv.com\/index.php?rest_route=\/wp\/v2\/posts\/43099\/revisions"}],"predecessor-version":[{"id":43101,"href":"https:\/\/www.egemtv.com\/index.php?rest_route=\/wp\/v2\/posts\/43099\/revisions\/43101"}],"wp:featuredmedia":[{"embeddable":true,"href":"https:\/\/www.egemtv.com\/index.php?rest_route=\/wp\/v2\/media\/43100"}],"wp:attachment":[{"href":"https:\/\/www.egemtv.com\/index.php?rest_route=%2Fwp%2Fv2%2Fmedia&parent=43099"}],"wp:term":[{"taxonomy":"category","embeddable":true,"href":"https:\/\/www.egemtv.com\/index.php?rest_route=%2Fwp%2Fv2%2Fcategories&post=43099"},{"taxonomy":"post_tag","embeddable":true,"href":"https:\/\/www.egemtv.com\/index.php?rest_route=%2Fwp%2Fv2%2Ftags&post=43099"}],"curies":[{"name":"wp","href":"https:\/\/api.w.org\/{rel}","templated":true}]}}