{"id":43096,"date":"2025-07-19T11:35:57","date_gmt":"2025-07-19T08:35:57","guid":{"rendered":"https:\/\/www.egemtv.com\/?p=43096"},"modified":"2025-07-19T11:35:59","modified_gmt":"2025-07-19T08:35:59","slug":"kontrolsuz-kavsakta-iki-otomobil-carpisti-1-yarali","status":"publish","type":"post","link":"https:\/\/www.egemtv.com\/?p=43096","title":{"rendered":"Kontrols\u00fcz kav\u015fakta iki otomobil \u00e7arp\u0131\u015ft\u0131; 1 yaral\u0131"},"content":{"rendered":"<p>Denizli\u2019de kontrols\u00fcz kav\u015faktan d\u00f6nmek isteyen otomobile Manisa-Denizli  Karayolu istikametinde seyir eden ba\u015fka bir otomobil \u00e7arpt\u0131. Kazada bir ki\u015fi yaraland\u0131.<br \/>\n<br \/>Kaza, Denizli\u2019nin Buldan il\u00e7esi Ac\u0131su mevkiinde meydana geldi. Edinilen bilgiye g\u00f6re, Ac\u0131s\u0131 Mevki Buldan Kav\u015fa\u011f\u0131ndan d\u00f6nmek isteyen 34 HH 6776 plakal\u0131 otomobile, Manisa-Denizli  Karayolu istikametinden gelen 20 RE 003 plakal\u0131 otomobil \u00e7apt\u0131. \u00c7arpman\u0131n etkisiyle kav\u015faktan d\u00f6nmek isteyen 34 HH 6776 plakal\u0131 otomobil takla tarak ters d\u00f6nd\u00fc. Kazada Manisa-Denizli  Karayolu istikametinden gelen 20 RE 003 plakal\u0131 otomobil s\u00fcr\u00fcc\u00fcs\u00fc \u0130. D. kazada yaraland\u0131. \u00c7evredeki vatanda\u015flar\u0131n ihbar\u0131 \u00fczerine olay yerine sa\u011fl\u0131k ve jandarma ekipleri sevk edildi. B\u00f6lgeye gelen sa\u011fl\u0131k ekipleri yaral\u0131 \u0130. D. olay yerinde yapt\u0131\u011f\u0131 ilk m\u00fcdahalenin ard\u0131ndan ambulansla Buldan G\u00f6\u011f\u00fcs Hastal\u0131klar\u0131 Hastanesine sevk etti.<br \/>\n<br \/>Kaza ile ilgili soru\u015fturma ba\u015flat\u0131ld\u0131.<br \/><\/p>\n","protected":false},"excerpt":{"rendered":"<p>Denizli\u2019de kontrols\u00fcz kav\u015faktan d\u00f6nmek isteyen otomobile Manisa-Denizli Karayolu istikametinde seyir eden ba\u015fka bir otomobil \u00e7arpt\u0131. Kazada bir ki\u015fi yaraland\u0131. Kaza, Denizli\u2019nin Buldan il\u00e7esi Ac\u0131su mevkiinde meydana geldi. Edinilen bilgiye g\u00f6re, Ac\u0131s\u0131 Mevki Buldan Kav\u015fa\u011f\u0131ndan d\u00f6nmek isteyen 34 HH 6776 plakal\u0131 otomobile, Manisa-Denizli Karayolu istikametinden gelen 20 RE 003 plakal\u0131 otomobil \u00e7apt\u0131. \u00c7arpman\u0131n etkisiyle kav\u015faktan d\u00f6nmek&#8230;<\/p>\n","protected":false},"author":1,"featured_media":43097,"comment_status":"open","ping_status":"open","sticky":false,"template":"","format":"standard","meta":{"_crdt_document":"","footnotes":""},"categories":[5],"tags":[],"class_list":["post-43096","post","type-post","status-publish","format-standard","has-post-thumbnail","hentry","category-asayis"],"_links":{"self":[{"href":"https:\/\/www.egemtv.com\/index.php?rest_route=\/wp\/v2\/posts\/43096","targetHints":{"allow":["GET"]}}],"collection":[{"href":"https:\/\/www.egemtv.com\/index.php?rest_route=\/wp\/v2\/posts"}],"about":[{"href":"https:\/\/www.egemtv.com\/index.php?rest_route=\/wp\/v2\/types\/post"}],"author":[{"embeddable":true,"href":"https:\/\/www.egemtv.com\/index.php?rest_route=\/wp\/v2\/users\/1"}],"replies":[{"embeddable":true,"href":"https:\/\/www.egemtv.com\/index.php?rest_route=%2Fwp%2Fv2%2Fcomments&post=43096"}],"version-history":[{"count":1,"href":"https:\/\/www.egemtv.com\/index.php?rest_route=\/wp\/v2\/posts\/43096\/revisions"}],"predecessor-version":[{"id":43098,"href":"https:\/\/www.egemtv.com\/index.php?rest_route=\/wp\/v2\/posts\/43096\/revisions\/43098"}],"wp:featuredmedia":[{"embeddable":true,"href":"https:\/\/www.egemtv.com\/index.php?rest_route=\/wp\/v2\/media\/43097"}],"wp:attachment":[{"href":"https:\/\/www.egemtv.com\/index.php?rest_route=%2Fwp%2Fv2%2Fmedia&parent=43096"}],"wp:term":[{"taxonomy":"category","embeddable":true,"href":"https:\/\/www.egemtv.com\/index.php?rest_route=%2Fwp%2Fv2%2Fcategories&post=43096"},{"taxonomy":"post_tag","embeddable":true,"href":"https:\/\/www.egemtv.com\/index.php?rest_route=%2Fwp%2Fv2%2Ftags&post=43096"}],"curies":[{"name":"wp","href":"https:\/\/api.w.org\/{rel}","templated":true}]}}