{"id":43093,"date":"2025-07-19T11:35:54","date_gmt":"2025-07-19T08:35:54","guid":{"rendered":"https:\/\/www.egemtv.com\/?p=43093"},"modified":"2025-07-19T11:35:57","modified_gmt":"2025-07-19T08:35:57","slug":"kutahyanin-kulturel-vizyonu-icin-onemli-bulusma","status":"publish","type":"post","link":"https:\/\/www.egemtv.com\/?p=43093","title":{"rendered":"K\u00fctahya\u2019n\u0131n k\u00fclt\u00fcrel vizyonu i\u00e7in \u00f6nemli bulu\u015fma"},"content":{"rendered":"<p>K\u00fctahya Belediye Ba\u015fkan\u0131 Ey\u00fcp Kahveci, Kent Konseyi Ba\u015fkan\u0131 B\u00fclent Cebeci ve K\u00fclt\u00fcr ve Sosyal \u0130\u015fler M\u00fcd\u00fcr\u00fc Y\u0131ld\u0131r\u0131m Akg\u00fcl ile bir araya gelerek \u015fehrin k\u00fclt\u00fcrel ve sanatsal geli\u015fimiyle ilgili kapsaml\u0131 bir de\u011ferlendirme toplant\u0131s\u0131 ger\u00e7ekle\u015ftirdi.<br \/>\n<br \/>Belediye ba\u015fkanl\u0131k makam\u0131nda yap\u0131lan g\u00f6r\u00fc\u015fmede, Kent Konseyi\u2019nin y\u00fcr\u00fctt\u00fc\u011f\u00fc \u00e7al\u0131\u015fmalar ve K\u00fctahya Belediyesi\u2019nin k\u00fclt\u00fcr-sanat faaliyetlerinin yan\u0131 s\u0131ra sosyal projeler ele al\u0131nd\u0131. K\u00fctahya\u2019n\u0131n uluslararas\u0131 tan\u0131n\u0131rl\u0131\u011f\u0131n\u0131 art\u0131rmak amac\u0131yla Avrupa Masal Rotas\u0131\u2019na dahil edilmesi y\u00f6n\u00fcndeki giri\u015fimler masaya yat\u0131r\u0131ld\u0131. Ayr\u0131ca, \u015fehirde d\u00fczenlenmesi planlanan Masal Festivali ile Germiyan Soka\u011f\u0131\u2019nda devam eden k\u00fclt\u00fcr-sanat etkinlikleri hakk\u0131nda kar\u015f\u0131l\u0131kl\u0131 fikir al\u0131\u015fveri\u015finde bulunuldu.<br \/>\n<br \/>Toplant\u0131n\u0131n g\u00fcndeminde 26-30 A\u011fustos tarihleri aras\u0131nda kutlanacak Zafer Haftas\u0131 etkinlikleri ile ge\u00e7en y\u0131l yo\u011fun ilgi g\u00f6ren Gastronomi Festivali\u2019nin bu y\u0131l ikincisinin d\u00fczenlenmesine y\u00f6nelik haz\u0131rl\u0131klar da yer ald\u0131.<br \/>\n<br \/>G\u00f6r\u00fc\u015fmede ayr\u0131ca, yap\u0131mc\u0131l\u0131\u011f\u0131n\u0131 Kent Konseyi Ba\u015fkan\u0131 B\u00fclent Cebeci\u2019nin \u00fcstlendi\u011fi ve 30 A\u011fustos B\u00fcy\u00fck Taarruz Zaferi\u2019ne giden s\u00fcreci konu alan &#8220;B\u00fcy\u00fck Zafer&#8221; adl\u0131 animasyon filminin tan\u0131t\u0131m stratejileri ve vizyon s\u00fcreci de de\u011ferlendirildi. Film, 29 A\u011fustos\u2019ta \u00fclke genelinde izleyiciyle bulu\u015facak.<br \/>\n<br \/>Belediye Ba\u015fkan\u0131 Ey\u00fcp Kahveci, K\u00fctahya\u2019n\u0131n k\u00fclt\u00fcrel ve sanatsal alanda daha fazla g\u00f6r\u00fcn\u00fcrl\u00fck kazanmas\u0131 ad\u0131na \u00e7al\u0131\u015fmalar\u0131n artarak s\u00fcrece\u011fini belirterek, &#8220;K\u00fctahya\u2019m\u0131z\u0131 sadece yerelde de\u011fil, ulusal ve uluslararas\u0131 platformlarda da daha g\u00fc\u00e7l\u00fc bir \u015fekilde temsil etmeye kararl\u0131y\u0131z&#8221; ifadelerini kulland\u0131.<br \/><\/p>\n","protected":false},"excerpt":{"rendered":"<p>K\u00fctahya Belediye Ba\u015fkan\u0131 Ey\u00fcp Kahveci, Kent Konseyi Ba\u015fkan\u0131 B\u00fclent Cebeci ve K\u00fclt\u00fcr ve Sosyal \u0130\u015fler M\u00fcd\u00fcr\u00fc Y\u0131ld\u0131r\u0131m Akg\u00fcl ile bir araya gelerek \u015fehrin k\u00fclt\u00fcrel ve sanatsal geli\u015fimiyle ilgili kapsaml\u0131 bir de\u011ferlendirme toplant\u0131s\u0131 ger\u00e7ekle\u015ftirdi. Belediye ba\u015fkanl\u0131k makam\u0131nda yap\u0131lan g\u00f6r\u00fc\u015fmede, Kent Konseyi\u2019nin y\u00fcr\u00fctt\u00fc\u011f\u00fc \u00e7al\u0131\u015fmalar ve K\u00fctahya Belediyesi\u2019nin k\u00fclt\u00fcr-sanat faaliyetlerinin yan\u0131 s\u0131ra sosyal projeler ele al\u0131nd\u0131. K\u00fctahya\u2019n\u0131n uluslararas\u0131&#8230;<\/p>\n","protected":false},"author":1,"featured_media":43094,"comment_status":"open","ping_status":"open","sticky":false,"template":"","format":"standard","meta":{"_crdt_document":"","footnotes":""},"categories":[1],"tags":[],"class_list":["post-43093","post","type-post","status-publish","format-standard","has-post-thumbnail","hentry","category-guncel"],"_links":{"self":[{"href":"https:\/\/www.egemtv.com\/index.php?rest_route=\/wp\/v2\/posts\/43093","targetHints":{"allow":["GET"]}}],"collection":[{"href":"https:\/\/www.egemtv.com\/index.php?rest_route=\/wp\/v2\/posts"}],"about":[{"href":"https:\/\/www.egemtv.com\/index.php?rest_route=\/wp\/v2\/types\/post"}],"author":[{"embeddable":true,"href":"https:\/\/www.egemtv.com\/index.php?rest_route=\/wp\/v2\/users\/1"}],"replies":[{"embeddable":true,"href":"https:\/\/www.egemtv.com\/index.php?rest_route=%2Fwp%2Fv2%2Fcomments&post=43093"}],"version-history":[{"count":1,"href":"https:\/\/www.egemtv.com\/index.php?rest_route=\/wp\/v2\/posts\/43093\/revisions"}],"predecessor-version":[{"id":43095,"href":"https:\/\/www.egemtv.com\/index.php?rest_route=\/wp\/v2\/posts\/43093\/revisions\/43095"}],"wp:featuredmedia":[{"embeddable":true,"href":"https:\/\/www.egemtv.com\/index.php?rest_route=\/wp\/v2\/media\/43094"}],"wp:attachment":[{"href":"https:\/\/www.egemtv.com\/index.php?rest_route=%2Fwp%2Fv2%2Fmedia&parent=43093"}],"wp:term":[{"taxonomy":"category","embeddable":true,"href":"https:\/\/www.egemtv.com\/index.php?rest_route=%2Fwp%2Fv2%2Fcategories&post=43093"},{"taxonomy":"post_tag","embeddable":true,"href":"https:\/\/www.egemtv.com\/index.php?rest_route=%2Fwp%2Fv2%2Ftags&post=43093"}],"curies":[{"name":"wp","href":"https:\/\/api.w.org\/{rel}","templated":true}]}}