{"id":43090,"date":"2025-07-19T11:35:52","date_gmt":"2025-07-19T08:35:52","guid":{"rendered":"https:\/\/www.egemtv.com\/?p=43090"},"modified":"2025-07-19T11:35:54","modified_gmt":"2025-07-19T08:35:54","slug":"gedizin-lgs-gururlari-baskan-akel-tarafindan-odullendirildi","status":"publish","type":"post","link":"https:\/\/www.egemtv.com\/?p=43090","title":{"rendered":"Gediz\u2019in LGS gururlar\u0131 Ba\u015fkan Akel taraf\u0131ndan \u00f6d\u00fcllendirildi"},"content":{"rendered":"<p>K\u00fctahya\u2019n\u0131n Gediz il\u00e7esinde, Liselere Ge\u00e7i\u015f Sistemi (LGS) s\u0131nav\u0131nda il\u00e7e genelinde dereceye giren ba\u015far\u0131l\u0131 \u00f6\u011frenciler, Gediz Belediye Ba\u015fkan\u0131 Necdet Akel taraf\u0131ndan \u00f6d\u00fcllendirildi.<br \/>\n<br \/>Ba\u015fkan Akel, makam\u0131nda a\u011f\u0131rlad\u0131\u011f\u0131 ba\u015far\u0131l\u0131 \u00f6\u011frenciler Alperen Sert, Azra G\u00fcnd\u00fcz, Bartu\u011f G\u00fcn ve Ecrin Nur \u00d6zt\u00fcrk ile ailelerini tebrik etti. \u00d6\u011frencilerin g\u00f6sterdi\u011fi \u00fcst\u00fcn ba\u015far\u0131dan dolay\u0131 duydu\u011fu memnuniyeti dile getiren Ba\u015fkan Akel, gelece\u011fin teminat\u0131 olan gen\u00e7lere \u00e7e\u015fitli hediyeler takdim etti.<br \/>\n<br \/>Gediz Belediye Ba\u015fkan\u0131 Necdet Akel, LGS\u2019de derece yapan \u00f6\u011frencileri a\u011f\u0131rlamaktan b\u00fcy\u00fck mutluluk duydu\u011funu belirtti. Akel, &#8220;Gelece\u011fimizin mimar\u0131 olacak, \u00fclkemizi daha ileriye ta\u015f\u0131yacak p\u0131r\u0131l p\u0131r\u0131l gen\u00e7lerimizi ve onlar\u0131n bu ba\u015far\u0131s\u0131nda b\u00fcy\u00fck pay sahibi olan de\u011ferli ailelerini tebrik ediyorum. LGS\u2019de g\u00f6sterdikleri ba\u015far\u0131, hem il\u00e7emiz hem de bizler i\u00e7in b\u00fcy\u00fck bir gurur kayna\u011f\u0131d\u0131r. Onlar\u0131n e\u011fitim hayatlar\u0131nda her zaman yanlar\u0131nda olmaya devam edece\u011fiz. Ba\u015far\u0131lar\u0131n\u0131n devam\u0131n\u0131 diliyor, kendilerini bir kez daha kutluyorum&#8221; dedi.<br \/>\n<br \/>\u00d6\u011frenciler ve aileleri, Ba\u015fkan Akel\u2019in bu nazik kabul\u00fc ve takdim etti\u011fi hediyelerden dolay\u0131 duyduklar\u0131 memnuniyeti dile getirdiler.<br \/><\/p>\n","protected":false},"excerpt":{"rendered":"<p>K\u00fctahya\u2019n\u0131n Gediz il\u00e7esinde, Liselere Ge\u00e7i\u015f Sistemi (LGS) s\u0131nav\u0131nda il\u00e7e genelinde dereceye giren ba\u015far\u0131l\u0131 \u00f6\u011frenciler, Gediz Belediye Ba\u015fkan\u0131 Necdet Akel taraf\u0131ndan \u00f6d\u00fcllendirildi. Ba\u015fkan Akel, makam\u0131nda a\u011f\u0131rlad\u0131\u011f\u0131 ba\u015far\u0131l\u0131 \u00f6\u011frenciler Alperen Sert, Azra G\u00fcnd\u00fcz, Bartu\u011f G\u00fcn ve Ecrin Nur \u00d6zt\u00fcrk ile ailelerini tebrik etti. \u00d6\u011frencilerin g\u00f6sterdi\u011fi \u00fcst\u00fcn ba\u015far\u0131dan dolay\u0131 duydu\u011fu memnuniyeti dile getiren Ba\u015fkan Akel, gelece\u011fin teminat\u0131 olan&#8230;<\/p>\n","protected":false},"author":1,"featured_media":43091,"comment_status":"open","ping_status":"open","sticky":false,"template":"","format":"standard","meta":{"_crdt_document":"","footnotes":""},"categories":[1],"tags":[],"class_list":["post-43090","post","type-post","status-publish","format-standard","has-post-thumbnail","hentry","category-guncel"],"_links":{"self":[{"href":"https:\/\/www.egemtv.com\/index.php?rest_route=\/wp\/v2\/posts\/43090","targetHints":{"allow":["GET"]}}],"collection":[{"href":"https:\/\/www.egemtv.com\/index.php?rest_route=\/wp\/v2\/posts"}],"about":[{"href":"https:\/\/www.egemtv.com\/index.php?rest_route=\/wp\/v2\/types\/post"}],"author":[{"embeddable":true,"href":"https:\/\/www.egemtv.com\/index.php?rest_route=\/wp\/v2\/users\/1"}],"replies":[{"embeddable":true,"href":"https:\/\/www.egemtv.com\/index.php?rest_route=%2Fwp%2Fv2%2Fcomments&post=43090"}],"version-history":[{"count":1,"href":"https:\/\/www.egemtv.com\/index.php?rest_route=\/wp\/v2\/posts\/43090\/revisions"}],"predecessor-version":[{"id":43092,"href":"https:\/\/www.egemtv.com\/index.php?rest_route=\/wp\/v2\/posts\/43090\/revisions\/43092"}],"wp:featuredmedia":[{"embeddable":true,"href":"https:\/\/www.egemtv.com\/index.php?rest_route=\/wp\/v2\/media\/43091"}],"wp:attachment":[{"href":"https:\/\/www.egemtv.com\/index.php?rest_route=%2Fwp%2Fv2%2Fmedia&parent=43090"}],"wp:term":[{"taxonomy":"category","embeddable":true,"href":"https:\/\/www.egemtv.com\/index.php?rest_route=%2Fwp%2Fv2%2Fcategories&post=43090"},{"taxonomy":"post_tag","embeddable":true,"href":"https:\/\/www.egemtv.com\/index.php?rest_route=%2Fwp%2Fv2%2Ftags&post=43090"}],"curies":[{"name":"wp","href":"https:\/\/api.w.org\/{rel}","templated":true}]}}