{"id":43087,"date":"2025-07-19T11:35:50","date_gmt":"2025-07-19T08:35:50","guid":{"rendered":"https:\/\/www.egemtv.com\/?p=43087"},"modified":"2025-07-19T11:35:52","modified_gmt":"2025-07-19T08:35:52","slug":"aydinli-oyuncu-yigido-oldu","status":"publish","type":"post","link":"https:\/\/www.egemtv.com\/?p=43087","title":{"rendered":"Ayd\u0131nl\u0131 oyuncu, yi\u011fido oldu"},"content":{"rendered":"<p>TFF 1. Lig\u2019in g\u00fc\u00e7l\u00fc ekiplerinden Sivasspor, savunma hatt\u0131n\u0131 tecr\u00fcbeli bir isimle g\u00fc\u00e7lendirdi. K\u0131rm\u0131z\u0131-beyazl\u0131 ekip, ge\u00e7ti\u011fimiz sezon Sar\u0131yer\u2019de \u015fampiyonluk ya\u015fayan Ayd\u0131nl\u0131 stoper \u00c7a\u011flayan Menderes ile 3 y\u0131ll\u0131k s\u00f6zle\u015fme imzalad\u0131.<\/p>\n<p>Teknik Direkt\u00f6r Osman Zeki Korkmaz\u2019\u0131n raporu do\u011frultusunda savunmaya nokta at\u0131\u015f\u0131 bir takviye yapan Sivasspor, ge\u00e7en sezon Sar\u0131yer\u2019de 33 ma\u00e7a \u00e7\u0131kan ve 2 gol kaydeden \u00c7a\u011flayan Menderes\u2019i renklerine ba\u011flad\u0131. Ge\u00e7ti\u011fimiz sezon istikrarl\u0131 performans\u0131yla dikkat \u00e7eken ve Sar\u0131yer\u2019in \u015fampiyonlu\u011funda \u00f6nemli rol oynayan ba\u015far\u0131l\u0131 savunmac\u0131, bir\u00e7ok S\u00fcper Lig kul\u00fcb\u00fcn\u00fcn de radar\u0131ndayd\u0131.<br \/>\n<br \/>Yeni sezon haz\u0131rl\u0131klar\u0131n\u0131 s\u00fcrd\u00fcren Sivasspor\u2019un Bolu kamp\u0131na kat\u0131lacak olan \u00c7a\u011flayan Menderes, yeni tak\u0131m\u0131yla ilk antrenman\u0131na \u00e7\u0131kmaya haz\u0131rlan\u0131yor. Tak\u0131m i\u00e7indeki lider \u00f6zellikleri ve hava toplar\u0131ndaki hakimiyetiyle tan\u0131nan deneyimli oyuncunun, savunmadaki dengeyi sa\u011flamas\u0131 bekleniyor.<\/p>\n<p>Futbola memleketi Ayd\u0131n\u2019da, Ayd\u0131nspor altyap\u0131s\u0131nda ba\u015flayan Menderes; s\u0131ras\u0131yla \u0130skenderunspor, Mu\u011flaspor, Etimesgut Belediyespor, Sakaryaspor ve Sar\u0131yer formalar\u0131 giydi. Her gitti\u011fi tak\u0131mda disiplini ve m\u00fccadeleci yap\u0131s\u0131yla \u00f6ne \u00e7\u0131kan tecr\u00fcbeli oyuncu, \u015fimdi Sivasspor formas\u0131yla TFF 1. Lig\u2019de \u015fampiyonluk m\u00fccadelesi verecek.<br \/><\/p>\n","protected":false},"excerpt":{"rendered":"<p>TFF 1. Lig\u2019in g\u00fc\u00e7l\u00fc ekiplerinden Sivasspor, savunma hatt\u0131n\u0131 tecr\u00fcbeli bir isimle g\u00fc\u00e7lendirdi. K\u0131rm\u0131z\u0131-beyazl\u0131 ekip, ge\u00e7ti\u011fimiz sezon Sar\u0131yer\u2019de \u015fampiyonluk ya\u015fayan Ayd\u0131nl\u0131 stoper \u00c7a\u011flayan Menderes ile 3 y\u0131ll\u0131k s\u00f6zle\u015fme imzalad\u0131. Teknik Direkt\u00f6r Osman Zeki Korkmaz\u2019\u0131n raporu do\u011frultusunda savunmaya nokta at\u0131\u015f\u0131 bir takviye yapan Sivasspor, ge\u00e7en sezon Sar\u0131yer\u2019de 33 ma\u00e7a \u00e7\u0131kan ve 2 gol kaydeden \u00c7a\u011flayan Menderes\u2019i renklerine&#8230;<\/p>\n","protected":false},"author":1,"featured_media":43088,"comment_status":"open","ping_status":"open","sticky":false,"template":"","format":"standard","meta":{"_crdt_document":"","footnotes":""},"categories":[4],"tags":[],"class_list":["post-43087","post","type-post","status-publish","format-standard","has-post-thumbnail","hentry","category-spor"],"_links":{"self":[{"href":"https:\/\/www.egemtv.com\/index.php?rest_route=\/wp\/v2\/posts\/43087","targetHints":{"allow":["GET"]}}],"collection":[{"href":"https:\/\/www.egemtv.com\/index.php?rest_route=\/wp\/v2\/posts"}],"about":[{"href":"https:\/\/www.egemtv.com\/index.php?rest_route=\/wp\/v2\/types\/post"}],"author":[{"embeddable":true,"href":"https:\/\/www.egemtv.com\/index.php?rest_route=\/wp\/v2\/users\/1"}],"replies":[{"embeddable":true,"href":"https:\/\/www.egemtv.com\/index.php?rest_route=%2Fwp%2Fv2%2Fcomments&post=43087"}],"version-history":[{"count":1,"href":"https:\/\/www.egemtv.com\/index.php?rest_route=\/wp\/v2\/posts\/43087\/revisions"}],"predecessor-version":[{"id":43089,"href":"https:\/\/www.egemtv.com\/index.php?rest_route=\/wp\/v2\/posts\/43087\/revisions\/43089"}],"wp:featuredmedia":[{"embeddable":true,"href":"https:\/\/www.egemtv.com\/index.php?rest_route=\/wp\/v2\/media\/43088"}],"wp:attachment":[{"href":"https:\/\/www.egemtv.com\/index.php?rest_route=%2Fwp%2Fv2%2Fmedia&parent=43087"}],"wp:term":[{"taxonomy":"category","embeddable":true,"href":"https:\/\/www.egemtv.com\/index.php?rest_route=%2Fwp%2Fv2%2Fcategories&post=43087"},{"taxonomy":"post_tag","embeddable":true,"href":"https:\/\/www.egemtv.com\/index.php?rest_route=%2Fwp%2Fv2%2Ftags&post=43087"}],"curies":[{"name":"wp","href":"https:\/\/api.w.org\/{rel}","templated":true}]}}