{"id":43084,"date":"2025-07-19T11:35:47","date_gmt":"2025-07-19T08:35:47","guid":{"rendered":"https:\/\/www.egemtv.com\/?p=43084"},"modified":"2025-07-19T11:35:50","modified_gmt":"2025-07-19T08:35:50","slug":"mentesede-hayat-boyu-ogrenme-komisyonu-toplantisi-gerceklestirildi","status":"publish","type":"post","link":"https:\/\/www.egemtv.com\/?p=43084","title":{"rendered":"Mente\u015fe\u2019de hayat boyu \u00f6\u011frenme komisyonu toplant\u0131s\u0131 ger\u00e7ekle\u015ftirildi"},"content":{"rendered":"<p>Mu\u011fla\u2019n\u0131n Mente\u015fe il\u00e7esinde hayat boyu \u00f6\u011frenme faaliyetlerinin daha etkin ve verimli bir \u015fekilde y\u00fcr\u00fct\u00fclmesi amac\u0131yla \u0130l\u00e7e Hayat Boyu \u00d6\u011frenme Komisyonu Toplant\u0131s\u0131 d\u00fczenlendi.<\/p>\n<p>Toplant\u0131, Mente\u015fe \u0130l\u00e7e Mill\u00ee E\u011fitim M\u00fcd\u00fcr\u00fc Say\u0131n \u0130dris K\u00f6m\u00fcrc\u00fc ba\u015fkanl\u0131\u011f\u0131nda, kamu kurum ve kurulu\u015flar\u0131n\u0131n temsilcilerinin kat\u0131l\u0131m\u0131yla ger\u00e7ekle\u015ftirildi.<\/p>\n<p>Mu\u011fla Olgunla\u015fma Enstit\u00fcs\u00fc\u2019n\u00fcn ev sahipli\u011finde d\u00fczenlenen toplant\u0131da, Mente\u015fe Halk E\u011fitimi Merkezi M\u00fcd\u00fcrl\u00fc\u011f\u00fc ve Mu\u011fla Olgunla\u015fma Enstit\u00fcs\u00fc M\u00fcd\u00fcrl\u00fc\u011f\u00fc taraf\u0131ndan bilgilendirici sunumlar yap\u0131ld\u0131. Sunumlarda, il\u00e7ede y\u00fcr\u00fct\u00fclen hayat boyu \u00f6\u011frenme faaliyetlerinin mevcut durumu, ihtiya\u00e7lar ve gelece\u011fe y\u00f6nelik planlamalar ele al\u0131nd\u0131.<\/p>\n<p>Toplant\u0131ya, il\u00e7ede faaliyet g\u00f6steren \u00e7e\u015fitli kamu kurum ve kurulu\u015flar\u0131n\u0131n m\u00fcd\u00fcrleri ile temsilcileri kat\u0131l\u0131m sa\u011flad\u0131. Kurumlar aras\u0131 i\u015f birli\u011fi ve koordinasyonun \u00f6nemine dikkat \u00e7ekilen toplant\u0131da, ortak projeler geli\u015ftirilmesi ve e\u011fitim faaliyetlerinin daha geni\u015f kitlelere ula\u015ft\u0131r\u0131lmas\u0131 hedefiyle planlamalar yap\u0131ld\u0131.<\/p>\n<p>Toplant\u0131n\u0131n ard\u0131ndan yap\u0131lan a\u00e7\u0131klamada, &#8220;Hayat boyu \u00f6\u011frenme anlay\u0131\u015f\u0131yla, il\u00e7emizde e\u011fitim alan\u0131nda kurumlar aras\u0131 i\u015f birli\u011fini g\u00fc\u00e7lendirerek bireylerin geli\u015fimine katk\u0131 sa\u011flamaya devam edece\u011fiz,&#8221; ifadelerine yer verildi.<br \/><\/p>\n","protected":false},"excerpt":{"rendered":"<p>Mu\u011fla\u2019n\u0131n Mente\u015fe il\u00e7esinde hayat boyu \u00f6\u011frenme faaliyetlerinin daha etkin ve verimli bir \u015fekilde y\u00fcr\u00fct\u00fclmesi amac\u0131yla \u0130l\u00e7e Hayat Boyu \u00d6\u011frenme Komisyonu Toplant\u0131s\u0131 d\u00fczenlendi. Toplant\u0131, Mente\u015fe \u0130l\u00e7e Mill\u00ee E\u011fitim M\u00fcd\u00fcr\u00fc Say\u0131n \u0130dris K\u00f6m\u00fcrc\u00fc ba\u015fkanl\u0131\u011f\u0131nda, kamu kurum ve kurulu\u015flar\u0131n\u0131n temsilcilerinin kat\u0131l\u0131m\u0131yla ger\u00e7ekle\u015ftirildi. Mu\u011fla Olgunla\u015fma Enstit\u00fcs\u00fc\u2019n\u00fcn ev sahipli\u011finde d\u00fczenlenen toplant\u0131da, Mente\u015fe Halk E\u011fitimi Merkezi M\u00fcd\u00fcrl\u00fc\u011f\u00fc ve Mu\u011fla Olgunla\u015fma Enstit\u00fcs\u00fc&#8230;<\/p>\n","protected":false},"author":1,"featured_media":43085,"comment_status":"open","ping_status":"open","sticky":false,"template":"","format":"standard","meta":{"_crdt_document":"","footnotes":""},"categories":[1],"tags":[],"class_list":["post-43084","post","type-post","status-publish","format-standard","has-post-thumbnail","hentry","category-guncel"],"_links":{"self":[{"href":"https:\/\/www.egemtv.com\/index.php?rest_route=\/wp\/v2\/posts\/43084","targetHints":{"allow":["GET"]}}],"collection":[{"href":"https:\/\/www.egemtv.com\/index.php?rest_route=\/wp\/v2\/posts"}],"about":[{"href":"https:\/\/www.egemtv.com\/index.php?rest_route=\/wp\/v2\/types\/post"}],"author":[{"embeddable":true,"href":"https:\/\/www.egemtv.com\/index.php?rest_route=\/wp\/v2\/users\/1"}],"replies":[{"embeddable":true,"href":"https:\/\/www.egemtv.com\/index.php?rest_route=%2Fwp%2Fv2%2Fcomments&post=43084"}],"version-history":[{"count":1,"href":"https:\/\/www.egemtv.com\/index.php?rest_route=\/wp\/v2\/posts\/43084\/revisions"}],"predecessor-version":[{"id":43086,"href":"https:\/\/www.egemtv.com\/index.php?rest_route=\/wp\/v2\/posts\/43084\/revisions\/43086"}],"wp:featuredmedia":[{"embeddable":true,"href":"https:\/\/www.egemtv.com\/index.php?rest_route=\/wp\/v2\/media\/43085"}],"wp:attachment":[{"href":"https:\/\/www.egemtv.com\/index.php?rest_route=%2Fwp%2Fv2%2Fmedia&parent=43084"}],"wp:term":[{"taxonomy":"category","embeddable":true,"href":"https:\/\/www.egemtv.com\/index.php?rest_route=%2Fwp%2Fv2%2Fcategories&post=43084"},{"taxonomy":"post_tag","embeddable":true,"href":"https:\/\/www.egemtv.com\/index.php?rest_route=%2Fwp%2Fv2%2Ftags&post=43084"}],"curies":[{"name":"wp","href":"https:\/\/api.w.org\/{rel}","templated":true}]}}