{"id":43081,"date":"2025-07-19T11:35:42","date_gmt":"2025-07-19T08:35:42","guid":{"rendered":"https:\/\/www.egemtv.com\/?p=43081"},"modified":"2025-07-19T11:35:47","modified_gmt":"2025-07-19T08:35:47","slug":"ulada-minikler-bocce-ile-tanisti","status":"publish","type":"post","link":"https:\/\/www.egemtv.com\/?p=43081","title":{"rendered":"Ula\u2019da minikler bocce ile tan\u0131\u015ft\u0131"},"content":{"rendered":"<p>Mu\u011fla\u2019n\u0131n Ula il\u00e7esinde, Gen\u00e7lik ve Spor Bakanl\u0131\u011f\u0131\u2019n\u0131n &#8220;GSB Spor Okullar\u0131&#8221; program\u0131 kapsam\u0131nda ilkokul ve ortaokul \u00f6\u011frencilerine y\u00f6nelik bocce tan\u0131t\u0131m etkinli\u011fi d\u00fczenlendi. Ula Kaymakaml\u0131\u011f\u0131\u2019na ba\u011fl\u0131 Ula Gen\u00e7lik ve Spor \u0130l\u00e7e M\u00fcd\u00fcrl\u00fc\u011f\u00fc\u2019n\u00fcn y\u00fcr\u00fctt\u00fc\u011f\u00fc program \u00e7er\u00e7evesinde ger\u00e7ekle\u015ftirilen etkinlik, \u00e7ocuklardan b\u00fcy\u00fck ilgi g\u00f6rd\u00fc.<\/p>\n<p>Geleneksel spor dallar\u0131ndan biri olan bocce, Bocce Antren\u00f6r\u00fc Yasemin Miski rehberli\u011finde \u00f6\u011frencilere tan\u0131t\u0131ld\u0131. Etkinlikte, \u00e7ocuklara bocce topunun nas\u0131l tutulaca\u011f\u0131, hedef topa (pallino) nas\u0131l at\u0131\u015f yap\u0131laca\u011f\u0131 ve oyunun temel kurallar\u0131 uygulamal\u0131 olarak \u00f6\u011fretildi. E\u011fitimlerin ard\u0131ndan \u00f6\u011frenciler tak\u0131mlar halinde sahaya \u00e7\u0131karak ilk bocce deneyimlerini ya\u015fad\u0131.<\/p>\n<p>Bocce Antren\u00f6r\u00fc Yasemin Miski, bocce\u2019nin \u00e7ocuklar \u00fczerindeki olumlu etkilerine dikkat \u00e7ekerek, &#8220;Bocce; strateji, dikkat ve dengeyi bir araya getiren bir spor dal\u0131. Fiziksel g\u00fc\u00e7 gerektirmedi\u011fi i\u00e7in her ya\u015ftan \u00e7ocuk kolayca adapte olabiliyor. \u00d6\u011frenciler oyunu \u00e7ok k\u0131sa s\u00fcrede \u00f6\u011frendi ve b\u00fcy\u00fck keyif ald\u0131&#8221; ifadelerini kulland\u0131.<\/p>\n<p>Ailelerden destek, \u00e7ocuklardan turnuva talebi<br \/>\n<br \/>Etkinli\u011fi takip eden veliler, bocce\u2019nin \u00e7ocuklara farkl\u0131 bir spor disiplini sundu\u011funu belirterek, sporun \u00e7ocuklar\u0131n sosyal geli\u015fiminde \u00f6nemli bir rol oynad\u0131\u011f\u0131n\u0131 ifade etti. Minik sporcular ise bocce oynarken e\u011flendiklerini ve gelecekte turnuvalara kat\u0131lmak istediklerini s\u00f6yledi.<\/p>\n<p>Turnuva ve yetenek se\u00e7meleri yolda<br \/>\n<br \/>Ula Gen\u00e7lik ve Spor \u0130l\u00e7e M\u00fcd\u00fcrl\u00fc\u011f\u00fc taraf\u0131ndan yap\u0131lan a\u00e7\u0131klamada \u015fu ifadelere yer verildi: &#8220;\u0130l\u00e7emizde bocce sporunu yayg\u0131nla\u015ft\u0131rmak amac\u0131yla ba\u015flatt\u0131\u011f\u0131m\u0131z tan\u0131t\u0131m ve e\u011fitim \u00e7al\u0131\u015fmalar\u0131na devam ediyoruz. T\u00fcm \u00e7ocuklar\u0131 bu spor dal\u0131na dahil etmek istiyoruz. \u00d6n\u00fcm\u00fczdeki d\u00f6nemde okullar aras\u0131 bocce turnuvalar\u0131 ve gen\u00e7 yetenekler i\u00e7in se\u00e7meler planl\u0131yoruz&#8221; ifadesi kullan\u0131ld\u0131.<br \/><\/p>\n","protected":false},"excerpt":{"rendered":"<p>Mu\u011fla\u2019n\u0131n Ula il\u00e7esinde, Gen\u00e7lik ve Spor Bakanl\u0131\u011f\u0131\u2019n\u0131n &#8220;GSB Spor Okullar\u0131&#8221; program\u0131 kapsam\u0131nda ilkokul ve ortaokul \u00f6\u011frencilerine y\u00f6nelik bocce tan\u0131t\u0131m etkinli\u011fi d\u00fczenlendi. Ula Kaymakaml\u0131\u011f\u0131\u2019na ba\u011fl\u0131 Ula Gen\u00e7lik ve Spor \u0130l\u00e7e M\u00fcd\u00fcrl\u00fc\u011f\u00fc\u2019n\u00fcn y\u00fcr\u00fctt\u00fc\u011f\u00fc program \u00e7er\u00e7evesinde ger\u00e7ekle\u015ftirilen etkinlik, \u00e7ocuklardan b\u00fcy\u00fck ilgi g\u00f6rd\u00fc. Geleneksel spor dallar\u0131ndan biri olan bocce, Bocce Antren\u00f6r\u00fc Yasemin Miski rehberli\u011finde \u00f6\u011frencilere tan\u0131t\u0131ld\u0131. Etkinlikte, \u00e7ocuklara bocce&#8230;<\/p>\n","protected":false},"author":1,"featured_media":43082,"comment_status":"open","ping_status":"open","sticky":false,"template":"","format":"standard","meta":{"_crdt_document":"","footnotes":""},"categories":[4],"tags":[],"class_list":["post-43081","post","type-post","status-publish","format-standard","has-post-thumbnail","hentry","category-spor"],"_links":{"self":[{"href":"https:\/\/www.egemtv.com\/index.php?rest_route=\/wp\/v2\/posts\/43081","targetHints":{"allow":["GET"]}}],"collection":[{"href":"https:\/\/www.egemtv.com\/index.php?rest_route=\/wp\/v2\/posts"}],"about":[{"href":"https:\/\/www.egemtv.com\/index.php?rest_route=\/wp\/v2\/types\/post"}],"author":[{"embeddable":true,"href":"https:\/\/www.egemtv.com\/index.php?rest_route=\/wp\/v2\/users\/1"}],"replies":[{"embeddable":true,"href":"https:\/\/www.egemtv.com\/index.php?rest_route=%2Fwp%2Fv2%2Fcomments&post=43081"}],"version-history":[{"count":1,"href":"https:\/\/www.egemtv.com\/index.php?rest_route=\/wp\/v2\/posts\/43081\/revisions"}],"predecessor-version":[{"id":43083,"href":"https:\/\/www.egemtv.com\/index.php?rest_route=\/wp\/v2\/posts\/43081\/revisions\/43083"}],"wp:featuredmedia":[{"embeddable":true,"href":"https:\/\/www.egemtv.com\/index.php?rest_route=\/wp\/v2\/media\/43082"}],"wp:attachment":[{"href":"https:\/\/www.egemtv.com\/index.php?rest_route=%2Fwp%2Fv2%2Fmedia&parent=43081"}],"wp:term":[{"taxonomy":"category","embeddable":true,"href":"https:\/\/www.egemtv.com\/index.php?rest_route=%2Fwp%2Fv2%2Fcategories&post=43081"},{"taxonomy":"post_tag","embeddable":true,"href":"https:\/\/www.egemtv.com\/index.php?rest_route=%2Fwp%2Fv2%2Ftags&post=43081"}],"curies":[{"name":"wp","href":"https:\/\/api.w.org\/{rel}","templated":true}]}}