{"id":43078,"date":"2025-07-19T11:16:27","date_gmt":"2025-07-19T08:16:27","guid":{"rendered":"https:\/\/www.egemtv.com\/?p=43078"},"modified":"2025-07-19T11:16:30","modified_gmt":"2025-07-19T08:16:30","slug":"beyaz-esya-alisverisi-yapan-onlarca-vatandas-magdur-magaza-kapali-urunler-ortada-yok","status":"publish","type":"post","link":"https:\/\/www.egemtv.com\/?p=43078","title":{"rendered":"Beyaz e\u015fya al\u0131\u015fveri\u015fi yapan onlarca vatanda\u015f ma\u011fdur: Ma\u011faza kapal\u0131, \u00fcr\u00fcnler ortada yok"},"content":{"rendered":"<p>\u0130zmir\u2019in Kar\u015f\u0131yaka il\u00e7esindeki bir Beko bayisinden al\u0131\u015fveri\u015f yapan \u00e7ok say\u0131da vatanda\u015f, \u00fcr\u00fcnleri teslim edilmeyince ma\u011faza \u00f6n\u00fcnde topland\u0131. Kepenkleri kapal\u0131 olan ma\u011fazada &#8220;Sa\u011fl\u0131k sorunlar\u0131 nedeniyle 1 A\u011fustos\u2019a kadar kapal\u0131y\u0131z&#8221; yaz\u0131s\u0131 yer al\u0131rken, ma\u011fdurlar kimseye ula\u015fam\u0131yor. D\u00fc\u011f\u00fcn haz\u0131rl\u0131\u011f\u0131nda olan baz\u0131 vatanda\u015flar, \u00f6dedikleri on binlerce lira kar\u015f\u0131l\u0131\u011f\u0131nda hi\u00e7bir \u00fcr\u00fcn alamad\u0131klar\u0131n\u0131 belirterek Beko\u2019dan a\u00e7\u0131klama ve \u00e7\u00f6z\u00fcm bekliyor.<br \/>\n<br \/>Beko markas\u0131na g\u00fcvenerek Kar\u015f\u0131yaka\u2019daki bir yetkili bayiden buzdolab\u0131, \u00e7ama\u015f\u0131r makinesi, bula\u015f\u0131k makinesi ve kurutma makinesi gibi beyaz e\u015fyalar sat\u0131n alan onlarca ki\u015fi, teslimatlar\u0131n yap\u0131lmamas\u0131 \u00fczerine durumu ara\u015ft\u0131rmaya ba\u015flad\u0131. Telefonlara yan\u0131t alamayan vatanda\u015flar, ma\u011fazaya gidince kepenklerin kapal\u0131 oldu\u011funu ve camda yer alan \u2019Sa\u011fl\u0131k sorunlar\u0131 nedeniyle 1 A\u011fustos\u2019a kadar kapal\u0131y\u0131z\u2019 yaz\u0131s\u0131yla kar\u015f\u0131la\u015ft\u0131. Vatanda\u015flar,  belirtilen teslimatlar\u0131n hi\u00e7birinin ger\u00e7ekle\u015fmedi\u011fini, kimseyle ileti\u015fim kuramad\u0131klar\u0131n\u0131 belirterek Beko\u2019nun m\u00fc\u015fteri hizmetlerinden de \u00e7\u00f6z\u00fcm alamad\u0131klar\u0131n\u0131 ifade etti.<br \/>\n<br \/>&#8220;Bir d\u00fcnya markas\u0131na yak\u0131\u015fm\u0131yor&#8221;<br \/>\n<br \/>D\u00fcn ak\u015fam saatlerinde ma\u011faza \u00f6n\u00fcnde toplanan baz\u0131 ma\u011fdurlar, hem markaya hem kamuoyuna seslenerek ya\u015fanan durumun a\u00e7\u0131kl\u0131\u011fa kavu\u015fmas\u0131n\u0131 istedi. Ma\u011faza \u00e7al\u0131\u015fanlar\u0131na ya da y\u00f6neticilere hi\u00e7bir \u015fekilde ula\u015f\u0131lamad\u0131\u011f\u0131n\u0131 belirten vatanda\u015flar, Beko gibi b\u00fcy\u00fck bir markan\u0131n bu soruna sessiz kalmamas\u0131 gerekti\u011fini vurgulad\u0131. Ma\u011fdurlardan Kubilay Duman, &#8220;Biz sadece sahte oldu\u011funu d\u00fc\u015f\u00fcnd\u00fc\u011f\u00fcm\u00fcz faturalarda ma\u011fazan\u0131n ad\u0131 olan \u2019Evne\u2019yi g\u00f6rebiliyoruz. Beko gibi bir d\u00fcnya markas\u0131n\u0131n bizim sorunlar\u0131m\u0131za yan\u0131t verece\u011fini tahmin ediyorduk ama m\u00fc\u015fteri hizmetleri de hep k\u0131sa cevaplarla olay\u0131n \u00fcst\u00fcn\u00fc kapatmaya \u00e7al\u0131\u015f\u0131yor. Bunlar d\u00fcnya devi bir markaya yak\u0131\u015fan \u015feyler de\u011fil. Burada toplananlar\u0131n bir \u00e7o\u011fu yeni evlenecek, yeni ev kuracak ki\u015filer. K\u0131s\u0131tl\u0131 imkanlarla buradan beyaz e\u015fya ald\u0131lar. Ben de ayn\u0131 b\u00f6yleyim. Devlet b\u00fcy\u00fcklerimize de buradan bilgilendirme yapmak isterim&#8221; diye konu\u015ftu.<br \/>\n<br \/>&#8220;Aram\u0131zda yakla\u015f\u0131k 10 g\u00fcn sonra, 1 ay sonra d\u00fc\u011f\u00fcn\u00fc olacak insanlar var&#8221;<br \/>\n<br \/>Yak\u0131n zamanda d\u00fcnya evine girecek olan ancak e\u015fyalar\u0131 kendisine teslim edilmeyen Hatice \u00d6ner Bilge adl\u0131 bir vatanda\u015f ise, &#8220;Aram\u0131zda yakla\u015f\u0131k 10 g\u00fcn sonra, 1 ay sonra d\u00fc\u011f\u00fcn\u00fc olacak insanlar var. Sabah geldi\u011fimizde insanlar kap\u0131y\u0131 a\u00e7\u0131p, i\u00e7eri girip e\u015fyalar\u0131n\u0131 almak istiyorlard\u0131. \u00c7ok do\u011fal olarak insanlar paras\u0131n\u0131 verdikleri \u00fcr\u00fcne ula\u015fmaya \u00e7al\u0131\u015f\u0131yorlar. Biz \u015fu kap\u0131y\u0131 k\u0131rarak i\u00e7eri girmek istemedik. Beko\u2019nun buna bir \u00e7\u00f6z\u00fcm bulmas\u0131 laz\u0131m. \u0130nsanlar d\u00fc\u011f\u00fcn s\u00fcre\u00e7lerinde zaten yeterince stresli ve zor durumdalar. \u0130nsanlar buraya bu markaya g\u00fcvenerek geldi. Ki\u015finin nerede oldu\u011fu belli de\u011fil. Bize bir an \u00f6nce yard\u0131m edilmesini istiyoruz&#8221; diye konu\u015ftu.<br \/>\n<br \/>Vatanda\u015flar durumu savc\u0131l\u0131\u011fa ve T\u00fcketici Hakem Heyetine giderek \u015fikayette bulundu.<br \/><\/p>\n","protected":false},"excerpt":{"rendered":"<p>\u0130zmir\u2019in Kar\u015f\u0131yaka il\u00e7esindeki bir Beko bayisinden al\u0131\u015fveri\u015f yapan \u00e7ok say\u0131da vatanda\u015f, \u00fcr\u00fcnleri teslim edilmeyince ma\u011faza \u00f6n\u00fcnde topland\u0131. Kepenkleri kapal\u0131 olan ma\u011fazada &#8220;Sa\u011fl\u0131k sorunlar\u0131 nedeniyle 1 A\u011fustos\u2019a kadar kapal\u0131y\u0131z&#8221; yaz\u0131s\u0131 yer al\u0131rken, ma\u011fdurlar kimseye ula\u015fam\u0131yor. D\u00fc\u011f\u00fcn haz\u0131rl\u0131\u011f\u0131nda olan baz\u0131 vatanda\u015flar, \u00f6dedikleri on binlerce lira kar\u015f\u0131l\u0131\u011f\u0131nda hi\u00e7bir \u00fcr\u00fcn alamad\u0131klar\u0131n\u0131 belirterek Beko\u2019dan a\u00e7\u0131klama ve \u00e7\u00f6z\u00fcm bekliyor. Beko markas\u0131na&#8230;<\/p>\n","protected":false},"author":1,"featured_media":43079,"comment_status":"open","ping_status":"open","sticky":false,"template":"","format":"standard","meta":{"_crdt_document":"","footnotes":""},"categories":[5],"tags":[],"class_list":["post-43078","post","type-post","status-publish","format-standard","has-post-thumbnail","hentry","category-asayis"],"_links":{"self":[{"href":"https:\/\/www.egemtv.com\/index.php?rest_route=\/wp\/v2\/posts\/43078","targetHints":{"allow":["GET"]}}],"collection":[{"href":"https:\/\/www.egemtv.com\/index.php?rest_route=\/wp\/v2\/posts"}],"about":[{"href":"https:\/\/www.egemtv.com\/index.php?rest_route=\/wp\/v2\/types\/post"}],"author":[{"embeddable":true,"href":"https:\/\/www.egemtv.com\/index.php?rest_route=\/wp\/v2\/users\/1"}],"replies":[{"embeddable":true,"href":"https:\/\/www.egemtv.com\/index.php?rest_route=%2Fwp%2Fv2%2Fcomments&post=43078"}],"version-history":[{"count":1,"href":"https:\/\/www.egemtv.com\/index.php?rest_route=\/wp\/v2\/posts\/43078\/revisions"}],"predecessor-version":[{"id":43080,"href":"https:\/\/www.egemtv.com\/index.php?rest_route=\/wp\/v2\/posts\/43078\/revisions\/43080"}],"wp:featuredmedia":[{"embeddable":true,"href":"https:\/\/www.egemtv.com\/index.php?rest_route=\/wp\/v2\/media\/43079"}],"wp:attachment":[{"href":"https:\/\/www.egemtv.com\/index.php?rest_route=%2Fwp%2Fv2%2Fmedia&parent=43078"}],"wp:term":[{"taxonomy":"category","embeddable":true,"href":"https:\/\/www.egemtv.com\/index.php?rest_route=%2Fwp%2Fv2%2Fcategories&post=43078"},{"taxonomy":"post_tag","embeddable":true,"href":"https:\/\/www.egemtv.com\/index.php?rest_route=%2Fwp%2Fv2%2Ftags&post=43078"}],"curies":[{"name":"wp","href":"https:\/\/api.w.org\/{rel}","templated":true}]}}