{"id":43075,"date":"2025-07-19T10:55:36","date_gmt":"2025-07-19T07:55:36","guid":{"rendered":"https:\/\/www.egemtv.com\/?p=43075"},"modified":"2025-07-19T10:55:39","modified_gmt":"2025-07-19T07:55:39","slug":"meah-bashekimliginde-devir-teslim-toreni-gerceklestirildi","status":"publish","type":"post","link":"https:\/\/www.egemtv.com\/?p=43075","title":{"rendered":"MEAH Ba\u015fhekimli\u011finde devir teslim t\u00f6reni ger\u00e7ekle\u015ftirildi"},"content":{"rendered":"<p>Mu\u011fla E\u011fitim ve Ara\u015ft\u0131rma Hastanesi\u2019nde ba\u015fhekimlik g\u00f6revinde devir teslim t\u00f6reni d\u00fczenlendi. Ba\u015fhekimlik g\u00f6revine atanan Prof. Dr. Ethem Acar, g\u00f6revi Prof. Dr. Turhan Togan\u2019dan devrald\u0131.<br \/>\n<br \/>Hastane idare kat\u0131nda ger\u00e7ekle\u015ftirilen t\u00f6rende, yeni ba\u015fhekim Prof. Dr. Ethem Acar ve eski ba\u015fhekim Prof. Dr. Turhan Togan ile birlikte ba\u015fhekim yard\u0131mc\u0131lar\u0131, hastane y\u00f6netimi ve personel de haz\u0131r bulundu. T\u00f6rende konu\u015fan Ba\u015fhekim Prof. Dr. Ethem Acar, hastanenin geli\u015fimine katk\u0131 sunan t\u00fcm y\u00f6netim kadrosuna te\u015fekk\u00fcr ederek, &#8220;G\u00f6rev s\u00fcreleri boyunca hastanemize sunduklar\u0131 de\u011ferli katk\u0131lar i\u00e7in Say\u0131n Ba\u015fhekim Prof. Dr. Turhan Togan ba\u015fta olmak \u00fczere t\u00fcm ba\u015fhekim yard\u0131mc\u0131lar\u0131m\u0131za ve y\u00f6netim ekibine te\u015fekk\u00fcr ediyorum. Ayn\u0131 zamanda hastanemize eme\u011fi ge\u00e7en t\u00fcm personelimize de \u015f\u00fckranlar\u0131m\u0131 sunuyorum&#8221; dedi.<\/p>\n<p>Veda konu\u015fmas\u0131 yapan Prof. Dr. Turhan Togan ise g\u00f6rev s\u00fcresi boyunca birlikte \u00e7al\u0131\u015ft\u0131\u011f\u0131 t\u00fcm personellere te\u015fekk\u00fcr ederek, yeni ba\u015fhekim Prof. Dr. Ethem Acar ve ekibine ba\u015far\u0131 dileklerinde bulundu. Devir teslim t\u00f6reni, kar\u015f\u0131l\u0131kl\u0131 \u00e7i\u00e7ek ve plaket takdimiyle sona erdi.<br \/><\/p>\n","protected":false},"excerpt":{"rendered":"<p>Mu\u011fla E\u011fitim ve Ara\u015ft\u0131rma Hastanesi\u2019nde ba\u015fhekimlik g\u00f6revinde devir teslim t\u00f6reni d\u00fczenlendi. Ba\u015fhekimlik g\u00f6revine atanan Prof. Dr. Ethem Acar, g\u00f6revi Prof. Dr. Turhan Togan\u2019dan devrald\u0131. Hastane idare kat\u0131nda ger\u00e7ekle\u015ftirilen t\u00f6rende, yeni ba\u015fhekim Prof. Dr. Ethem Acar ve eski ba\u015fhekim Prof. Dr. Turhan Togan ile birlikte ba\u015fhekim yard\u0131mc\u0131lar\u0131, hastane y\u00f6netimi ve personel de haz\u0131r bulundu. T\u00f6rende konu\u015fan&#8230;<\/p>\n","protected":false},"author":1,"featured_media":43076,"comment_status":"open","ping_status":"open","sticky":false,"template":"","format":"standard","meta":{"_crdt_document":"","footnotes":""},"categories":[2],"tags":[],"class_list":["post-43075","post","type-post","status-publish","format-standard","has-post-thumbnail","hentry","category-saglik"],"_links":{"self":[{"href":"https:\/\/www.egemtv.com\/index.php?rest_route=\/wp\/v2\/posts\/43075","targetHints":{"allow":["GET"]}}],"collection":[{"href":"https:\/\/www.egemtv.com\/index.php?rest_route=\/wp\/v2\/posts"}],"about":[{"href":"https:\/\/www.egemtv.com\/index.php?rest_route=\/wp\/v2\/types\/post"}],"author":[{"embeddable":true,"href":"https:\/\/www.egemtv.com\/index.php?rest_route=\/wp\/v2\/users\/1"}],"replies":[{"embeddable":true,"href":"https:\/\/www.egemtv.com\/index.php?rest_route=%2Fwp%2Fv2%2Fcomments&post=43075"}],"version-history":[{"count":1,"href":"https:\/\/www.egemtv.com\/index.php?rest_route=\/wp\/v2\/posts\/43075\/revisions"}],"predecessor-version":[{"id":43077,"href":"https:\/\/www.egemtv.com\/index.php?rest_route=\/wp\/v2\/posts\/43075\/revisions\/43077"}],"wp:featuredmedia":[{"embeddable":true,"href":"https:\/\/www.egemtv.com\/index.php?rest_route=\/wp\/v2\/media\/43076"}],"wp:attachment":[{"href":"https:\/\/www.egemtv.com\/index.php?rest_route=%2Fwp%2Fv2%2Fmedia&parent=43075"}],"wp:term":[{"taxonomy":"category","embeddable":true,"href":"https:\/\/www.egemtv.com\/index.php?rest_route=%2Fwp%2Fv2%2Fcategories&post=43075"},{"taxonomy":"post_tag","embeddable":true,"href":"https:\/\/www.egemtv.com\/index.php?rest_route=%2Fwp%2Fv2%2Ftags&post=43075"}],"curies":[{"name":"wp","href":"https:\/\/api.w.org\/{rel}","templated":true}]}}