{"id":43072,"date":"2025-07-19T10:55:35","date_gmt":"2025-07-19T07:55:35","guid":{"rendered":"https:\/\/www.egemtv.com\/?p=43072"},"modified":"2025-07-19T10:55:36","modified_gmt":"2025-07-19T07:55:36","slug":"hirsizlik-sucundan-aranan-sahis-jasattan-kacamadi","status":"publish","type":"post","link":"https:\/\/www.egemtv.com\/?p=43072","title":{"rendered":"H\u0131rs\u0131zl\u0131k su\u00e7undan aranan \u015fah\u0131s JASAT\u2019tan ka\u00e7amad\u0131"},"content":{"rendered":"<p>Ayd\u0131n\u2019\u0131n Ku\u015fadas\u0131 il\u00e7esinde 24 y\u0131l hapis cezas\u0131yla aranan ve izini kaybettirmeye \u00e7al\u0131\u015fan firari \u015fah\u0131s, JASAT ekiplerince k\u0131sk\u0131vrak yakaland\u0131.<\/p>\n<p>Ayd\u0131n \u0130l Jandarma Komutanl\u0131\u011f\u0131 ve Ku\u015fadas\u0131 \u0130l\u00e7e Jandarma Komutanl\u0131\u011f\u0131\u2019na ba\u011fl\u0131 Jandarma Su\u00e7 Ara\u015ft\u0131rma Timi (JASAT), ba\u015far\u0131l\u0131 operasyonlar\u0131na bir yenisini daha ekledi. Edinilen bilgiye g\u00f6re &#8220;Taklit anahtarla a\u00e7mak suretiyle h\u0131rs\u0131zl\u0131k&#8221; su\u00e7undan 24 y\u0131l 7 ay kesinle\u015fmi\u015f hapis cezas\u0131 bulunan D.V. isimli firari \u015fah\u0131s, JASAT timlerinin titiz ve kararl\u0131 \u00e7al\u0131\u015fmas\u0131 sonucunda Ku\u015fadas\u0131 il\u00e7esinde k\u0131sk\u0131vrak yakaland\u0131. Uzun s\u00fcredir aranan ve hakk\u0131ndaki ceza nedeniyle izini kaybettirmeye \u00e7al\u0131\u015fan D.V., JASAT ekiplerinin sahada y\u00fcr\u00fctt\u00fc\u011f\u00fc detayl\u0131 istihbarat, takip ve analiz \u00e7al\u0131\u015fmalar\u0131 sonucunda k\u0131sa s\u00fcrede tespit edildi. Jandarma ekipleri, su\u00e7lunun sakland\u0131\u011f\u0131 adresi belirleyerek ba\u015far\u0131l\u0131 bir operasyonla \u015fahs\u0131 g\u00f6zalt\u0131na ald\u0131. Yakalanan \u015fah\u0131s, \u00e7\u0131kar\u0131ld\u0131\u011f\u0131 adli makamlarca tutuklanarak Ceza \u0130nfaz Kurumu\u2019na teslim edildi.<br \/><\/p>\n","protected":false},"excerpt":{"rendered":"<p>Ayd\u0131n\u2019\u0131n Ku\u015fadas\u0131 il\u00e7esinde 24 y\u0131l hapis cezas\u0131yla aranan ve izini kaybettirmeye \u00e7al\u0131\u015fan firari \u015fah\u0131s, JASAT ekiplerince k\u0131sk\u0131vrak yakaland\u0131. Ayd\u0131n \u0130l Jandarma Komutanl\u0131\u011f\u0131 ve Ku\u015fadas\u0131 \u0130l\u00e7e Jandarma Komutanl\u0131\u011f\u0131\u2019na ba\u011fl\u0131 Jandarma Su\u00e7 Ara\u015ft\u0131rma Timi (JASAT), ba\u015far\u0131l\u0131 operasyonlar\u0131na bir yenisini daha ekledi. Edinilen bilgiye g\u00f6re &#8220;Taklit anahtarla a\u00e7mak suretiyle h\u0131rs\u0131zl\u0131k&#8221; su\u00e7undan 24 y\u0131l 7 ay kesinle\u015fmi\u015f hapis cezas\u0131&#8230;<\/p>\n","protected":false},"author":1,"featured_media":43073,"comment_status":"open","ping_status":"open","sticky":false,"template":"","format":"standard","meta":{"_crdt_document":"","footnotes":""},"categories":[5],"tags":[],"class_list":["post-43072","post","type-post","status-publish","format-standard","has-post-thumbnail","hentry","category-asayis"],"_links":{"self":[{"href":"https:\/\/www.egemtv.com\/index.php?rest_route=\/wp\/v2\/posts\/43072","targetHints":{"allow":["GET"]}}],"collection":[{"href":"https:\/\/www.egemtv.com\/index.php?rest_route=\/wp\/v2\/posts"}],"about":[{"href":"https:\/\/www.egemtv.com\/index.php?rest_route=\/wp\/v2\/types\/post"}],"author":[{"embeddable":true,"href":"https:\/\/www.egemtv.com\/index.php?rest_route=\/wp\/v2\/users\/1"}],"replies":[{"embeddable":true,"href":"https:\/\/www.egemtv.com\/index.php?rest_route=%2Fwp%2Fv2%2Fcomments&post=43072"}],"version-history":[{"count":1,"href":"https:\/\/www.egemtv.com\/index.php?rest_route=\/wp\/v2\/posts\/43072\/revisions"}],"predecessor-version":[{"id":43074,"href":"https:\/\/www.egemtv.com\/index.php?rest_route=\/wp\/v2\/posts\/43072\/revisions\/43074"}],"wp:featuredmedia":[{"embeddable":true,"href":"https:\/\/www.egemtv.com\/index.php?rest_route=\/wp\/v2\/media\/43073"}],"wp:attachment":[{"href":"https:\/\/www.egemtv.com\/index.php?rest_route=%2Fwp%2Fv2%2Fmedia&parent=43072"}],"wp:term":[{"taxonomy":"category","embeddable":true,"href":"https:\/\/www.egemtv.com\/index.php?rest_route=%2Fwp%2Fv2%2Fcategories&post=43072"},{"taxonomy":"post_tag","embeddable":true,"href":"https:\/\/www.egemtv.com\/index.php?rest_route=%2Fwp%2Fv2%2Ftags&post=43072"}],"curies":[{"name":"wp","href":"https:\/\/api.w.org\/{rel}","templated":true}]}}